{"id":38221,"date":"2019-12-23T15:03:29","date_gmt":"2019-12-23T17:03:29","guid":{"rendered":"http:\/\/www2.comunitaria.com.br\/?p=38221"},"modified":"2019-12-23T15:03:29","modified_gmt":"2019-12-23T17:03:29","slug":"milhares-de-pessoas-prestigiam-desfile-natalino","status":"publish","type":"post","link":"https:\/\/www2.comunitaria.com.br\/en\/milhares-de-pessoas-prestigiam-desfile-natalino\/","title":{"rendered":"Milhares de pessoas prestigiam Desfile Natalino"},"content":{"rendered":"<p>O \u00faltimo Desfile Natalino do Frederico em Luz 2019, realizado na noite de sexta-feira, 20, atraiu milhares de pessoas de v\u00e1rios munic\u00edpios da regi\u00e3o. Com a tem\u00e1tica \u201cViva a Alegria do Natal\u201d, a atra\u00e7\u00e3o envolveu mais de 200 pessoas que atravessaram a Rua do Com\u00e9rcio.<\/p>\n<p>O Desfile Natalino contou com a participa\u00e7\u00e3o de entidades, volunt\u00e1rios, grupos de dan\u00e7a, patina\u00e7\u00e3o, escolas, divididos em 14 alas: Pinheiro com a logomarca do Frederico em Luz; Comiss\u00e3o de Frente \u2013 Fantasias; Comiss\u00e3o de Frente Cartas \u2013 Magia da Patina\u00e7\u00e3o; Trip\u00e9 dos Anjos; Carro dos Anjos; Carro do Pres\u00e9pio; Casal Destaque; Trip\u00e9 da \u00c1rvore e Boneco de Neve; Carro dos Brinquedos; Trip\u00e9 dos Doces Pequeno; Trip\u00e9 dos Doces; Carro dos Brinquedos e Tren\u00f3 do Papai Noel.<\/p>\n<p>Segundo o integrante da Comiss\u00e3o Central do Frederico em Luz 2019 e coordenador do Desfile Natalino, Edson Borba, a criatividade e beleza dos figurinos, carros aleg\u00f3ricos e fantasias se destacaram na atra\u00e7\u00e3o. \u201cTudo estava harm\u00f4nico e em sintonia e, tamb\u00e9m, muito bonito. A comunidade regional se encantou com a beleza e criatividade dos figurinos que combinaram perfeitamente com os temas\u201d, destacou.<\/p>\n<p>Para a primeira-dama e coordenadora da Comiss\u00e3o Central do Frederico em Luz 2019, Sirlei Panosso, o desfile retrata e concretiza um trabalho preparado com muito carinho e dedica\u00e7\u00e3o por uma grande e dedicada equipe de volunt\u00e1rios. \u201cO desfile, mais uma vez, foi maravilhoso e reuniu milhares de pessoas de v\u00e1rios munic\u00edpios da regi\u00e3o. E todo esse sucesso s\u00f3 foi poss\u00edvel gra\u00e7as ao trabalho e empenho de todos os volunt\u00e1rios que nos ajudaram. Cada um com seu talento, mas todos unidos pelo mesmo prop\u00f3sito de proporcionar a viv\u00eancia da verdadeira alegria do Natal\u201d, frisou Sirlei.<\/p>\n<p>Ap\u00f3s o Desfile Natalino, o p\u00fablico lotou a rua Monsenhor Vitor Batistella, em frente \u00e0 Catedral Santo Ant\u00f4nio para acompanhar o show de Oswaldir &amp; Quinteto Nativo, com a participa\u00e7\u00e3o especial de S\u00e9rgio Reis.<\/p>","protected":false},"excerpt":{"rendered":"<p>O \u00faltimo Desfile Natalino do Frederico em Luz 2019, realizado na noite de sexta-feira, 20, atraiu milhares de pessoas de v\u00e1rios munic\u00edpios da regi\u00e3o. Com a tem\u00e1tica \u201cViva a Alegria do Natal\u201d, a atra\u00e7\u00e3o envolveu mais de 200 pessoas que atravessaram a Rua do Com\u00e9rcio. O Desfile Natalino contou com a participa\u00e7\u00e3o de entidades, volunt\u00e1rios,<\/p>\n<div class=\"read-more-wrapper\"><a class=\"read-more\" href=\"https:\/\/www2.comunitaria.com.br\/en\/milhares-de-pessoas-prestigiam-desfile-natalino\/\" title=\"Read More\"> <span class=\"button\">Read More<\/span><\/a><\/div>","protected":false},"author":2,"featured_media":38222,"comment_status":"open","ping_status":"closed","sticky":false,"template":"","format":"standard","meta":{"ngg_post_thumbnail":0,"footnotes":""},"categories":[3593,42,28,33],"tags":[2836,1537,187,288,749],"class_list":["post-38221","post","type-post","status-publish","format-standard","has-post-thumbnail","hentry","category-cultura","category-fred-west","category-destaque","category-noticias","tag-atracao","tag-desfile","tag-frederico-em-luz","tag-programacao","tag-show"],"amp_enabled":true,"_links":{"self":[{"href":"https:\/\/www2.comunitaria.com.br\/en\/wp-json\/wp\/v2\/posts\/38221","targetHints":{"allow":["GET"]}}],"collection":[{"href":"https:\/\/www2.comunitaria.com.br\/en\/wp-json\/wp\/v2\/posts"}],"about":[{"href":"https:\/\/www2.comunitaria.com.br\/en\/wp-json\/wp\/v2\/types\/post"}],"author":[{"embeddable":true,"href":"https:\/\/www2.comunitaria.com.br\/en\/wp-json\/wp\/v2\/users\/2"}],"replies":[{"embeddable":true,"href":"https:\/\/www2.comunitaria.com.br\/en\/wp-json\/wp\/v2\/comments?post=38221"}],"version-history":[{"count":0,"href":"https:\/\/www2.comunitaria.com.br\/en\/wp-json\/wp\/v2\/posts\/38221\/revisions"}],"wp:featuredmedia":[{"embeddable":true,"href":"https:\/\/www2.comunitaria.com.br\/en\/wp-json\/wp\/v2\/media\/38222"}],"wp:attachment":[{"href":"https:\/\/www2.comunitaria.com.br\/en\/wp-json\/wp\/v2\/media?parent=38221"}],"wp:term":[{"taxonomy":"category","embeddable":true,"href":"https:\/\/www2.comunitaria.com.br\/en\/wp-json\/wp\/v2\/categories?post=38221"},{"taxonomy":"post_tag","embeddable":true,"href":"https:\/\/www2.comunitaria.com.br\/en\/wp-json\/wp\/v2\/tags?post=38221"}],"curies":[{"name":"wp","href":"https:\/\/api.w.org\/{rel}","templated":true}]}}