{"id":38212,"date":"2019-12-20T17:02:22","date_gmt":"2019-12-20T19:02:22","guid":{"rendered":"http:\/\/www2.comunitaria.com.br\/?p=38212"},"modified":"2019-12-20T17:02:22","modified_gmt":"2019-12-20T19:02:22","slug":"pesquisa-detecta-alcool-em-quase-40-dos-mortos-no-transito-do-rs","status":"publish","type":"post","link":"https:\/\/www2.comunitaria.com.br\/en\/pesquisa-detecta-alcool-em-quase-40-dos-mortos-no-transito-do-rs\/","title":{"rendered":"Pesquisa detecta \u00e1lcool em quase 40% dos mortos no tr\u00e2nsito do RS"},"content":{"rendered":"<p style=\"text-align: justify;\"><span style=\"font-weight: 400;\">Uma parceria entre o DetranRS e o Instituto-Geral de Per\u00edcias (IGP) permitiu ao Rio Grande do Sul chegar a um diagn\u00f3stico sobre a influ\u00eancia do \u00e1lcool em acidentes de tr\u00e2nsito. O cruzamento das informa\u00e7\u00f5es das v\u00edtimas com as per\u00edcias realizadas pelo IGP em 2018 detectou que 38,3% dos mortos no tr\u00e2nsito do Estado tinham \u00e1lcool no sangue. Para os condutores que morreram nas madrugadas de domingo, esse percentual chega a 94,7%. A amostra totalizou 1.047 v\u00edtimas, ou 62,7% do total de mortos no per\u00edodo. O acompanhamento passar\u00e1 a ser permanente.<\/span><\/p>\n<p style=\"text-align: justify;\"><span style=\"font-weight: 400;\">Entre os motoristas mortos em acidentes de tr\u00e2nsito no ano passado, 41,3% tinha algum grau de \u00e1lcool no sangue. Mas o dado mais surpreendente \u00e9 a presen\u00e7a de \u00e1lcool em 45,9% dos pedestres v\u00edtimas de acidentes de tr\u00e2nsito em 2018. Tamb\u00e9m chama a aten\u00e7\u00e3o o percentual de ciclistas mortos com \u00e1lcool no sangue (42,1%), maior que entre os motociclistas (34,4%). Mais da metade dos ciclistas e pedestres que tiveram resultado positivo para \u00e1lcool morreram em rodovias.<\/span><\/p>\n<p>&nbsp;<\/p>\n<p style=\"text-align: justify;\"><strong>Dia e hora<\/strong><\/p>\n<p style=\"text-align: justify;\"><span style=\"font-weight: 400;\">Os resultados da pesquisa mostraram que os testes positivos para alcoolemia em v\u00edtimas de tr\u00e2nsito s\u00e3o maiores durante a madrugada (64,6%) e no turno da noite (48,6%). O \u00e1lcool tamb\u00e9m est\u00e1 mais presente nas v\u00edtimas que morrem aos domingos (59,7%) e aos s\u00e1bados (46,7%).<\/span><\/p>\n<p>&nbsp;<\/p>\n<p style=\"text-align: justify;\"><strong>G\u00eanero e faixa et\u00e1ria<\/strong><\/p>\n<p style=\"text-align: justify;\"><span style=\"font-weight: 400;\">De um total de 855 homens que morreram no tr\u00e2nsito em 2018 e que foram testados para alcoolemia, 359 apresentaram resultado positivo (42%). Entre as 192 mulheres mortas em acidentes que foram testadas, 42 tinham bebido (21,9%).<\/span><\/p>\n<p style=\"text-align: justify;\"><span style=\"font-weight: 400;\">Analisando-se as faixas et\u00e1rias, os mais jovens e os mais velhos representam os menores percentuais entre as pessoas testadas. Das v\u00edtimas com at\u00e9 24 anos, 36,6% estavam alcoolizados no momento do acidente. Acima de 55, esse percentual foi de 26,9%. Mas entre os mortos das demais faixas et\u00e1rias, foi encontrada presen\u00e7a de \u00e1lcool em mais de 40% dos casos: 42,7% de 25 a 34 anos, 44% de 35 a 44, e 47,9% entre 45 a 54 anos.<\/span><\/p>\n<p style=\"text-align: justify;\"><span style=\"font-weight: 400;\">O resultado da pesquisa confirma estudos cient\u00edficos internacionais e protocolos de seguran\u00e7a nos quais o Governo do Estado se baseou para desenvolver pol\u00edticas p\u00fablicas como a Balada Segura e a Viagem Segura, mostrando o acerto na escolha do fator de risco priorit\u00e1rio. \u201cAgora, analisaremos os dados por regi\u00e3o, dias e hor\u00e1rios onde se concentram os acidentes envolvendo \u00e1lcool para melhor direcionarmos nossos esfor\u00e7os\u201d, afirma o diretor-geral do DetranRS, Enio Bacci.<\/span><\/p>\n<p style=\"text-align: justify;\"><span style=\"font-weight: 400;\">A partir do pr\u00f3ximo ano, a Autarquia vai visitar as regi\u00f5es do RS Seguro com maiores \u00edndices de acidentalidade, e tamb\u00e9m as maiores cidades com maior n\u00famero de mortes por 100 mil habitantes para propor solu\u00e7\u00f5es.O Departamento apresentar\u00e1 dados estat\u00edsticos da regi\u00e3o, tanto de alcoolemia, como pontos cr\u00edticos, enfim, um diagn\u00f3stico completo para que se possa pensar interven\u00e7\u00f5es eficientes.&nbsp;<\/span><\/p>\n<p style=\"text-align: justify;\"><span style=\"font-weight: 400;\">A Escola P\u00fablica de Tr\u00e2nsito tamb\u00e9m, a partir dos dados estat\u00edsticos, ir\u00e1 propor interven\u00e7\u00f5es na \u00e1rea de educa\u00e7\u00e3o para o tr\u00e2nsito. A ideia \u00e9 que, com esses esfor\u00e7os de estat\u00edstica, o DetranRS j\u00e1 leve algumas solu\u00e7\u00f5es em termos de educa\u00e7\u00e3o e engenharia para melhorar a quest\u00e3o da acidentalidade nessas localidades.<\/span><\/p>\n<p style=\"text-align: justify;\">&nbsp;<\/p>\n<p>*Ascom\/Detran<\/p>","protected":false},"excerpt":{"rendered":"<p>Uma parceria entre o DetranRS e o Instituto-Geral de Per\u00edcias (IGP) permitiu ao Rio Grande do Sul chegar a um diagn\u00f3stico sobre a influ\u00eancia do \u00e1lcool em acidentes de tr\u00e2nsito. O cruzamento das informa\u00e7\u00f5es das v\u00edtimas com as per\u00edcias realizadas pelo IGP em 2018 detectou que 38,3% dos mortos no tr\u00e2nsito do Estado tinham \u00e1lcool<\/p>\n<div class=\"read-more-wrapper\"><a class=\"read-more\" href=\"https:\/\/www2.comunitaria.com.br\/en\/pesquisa-detecta-alcool-em-quase-40-dos-mortos-no-transito-do-rs\/\" title=\"Read More\"> <span class=\"button\">Read More<\/span><\/a><\/div>","protected":false},"author":2,"featured_media":38213,"comment_status":"open","ping_status":"closed","sticky":false,"template":"","format":"standard","meta":{"ngg_post_thumbnail":0,"footnotes":""},"categories":[46,33,3598],"tags":[],"class_list":["post-38212","post","type-post","status-publish","format-standard","has-post-thumbnail","hentry","category-estado","category-noticias","category-transito"],"amp_enabled":true,"_links":{"self":[{"href":"https:\/\/www2.comunitaria.com.br\/en\/wp-json\/wp\/v2\/posts\/38212","targetHints":{"allow":["GET"]}}],"collection":[{"href":"https:\/\/www2.comunitaria.com.br\/en\/wp-json\/wp\/v2\/posts"}],"about":[{"href":"https:\/\/www2.comunitaria.com.br\/en\/wp-json\/wp\/v2\/types\/post"}],"author":[{"embeddable":true,"href":"https:\/\/www2.comunitaria.com.br\/en\/wp-json\/wp\/v2\/users\/2"}],"replies":[{"embeddable":true,"href":"https:\/\/www2.comunitaria.com.br\/en\/wp-json\/wp\/v2\/comments?post=38212"}],"version-history":[{"count":0,"href":"https:\/\/www2.comunitaria.com.br\/en\/wp-json\/wp\/v2\/posts\/38212\/revisions"}],"wp:featuredmedia":[{"embeddable":true,"href":"https:\/\/www2.comunitaria.com.br\/en\/wp-json\/wp\/v2\/media\/38213"}],"wp:attachment":[{"href":"https:\/\/www2.comunitaria.com.br\/en\/wp-json\/wp\/v2\/media?parent=38212"}],"wp:term":[{"taxonomy":"category","embeddable":true,"href":"https:\/\/www2.comunitaria.com.br\/en\/wp-json\/wp\/v2\/categories?post=38212"},{"taxonomy":"post_tag","embeddable":true,"href":"https:\/\/www2.comunitaria.com.br\/en\/wp-json\/wp\/v2\/tags?post=38212"}],"curies":[{"name":"wp","href":"https:\/\/api.w.org\/{rel}","templated":true}]}}