{"id":38126,"date":"2019-12-13T15:30:38","date_gmt":"2019-12-13T17:30:38","guid":{"rendered":"http:\/\/www2.comunitaria.com.br\/?p=38126"},"modified":"2019-12-13T15:30:38","modified_gmt":"2019-12-13T17:30:38","slug":"atendimentos-fisioterapicos-serao-retomados-em-janeiro","status":"publish","type":"post","link":"https:\/\/www2.comunitaria.com.br\/en\/atendimentos-fisioterapicos-serao-retomados-em-janeiro\/","title":{"rendered":"Atendimentos fisioter\u00e1picos ser\u00e3o retomados em janeiro"},"content":{"rendered":"<p style=\"text-align: justify;\">A Secretaria Municipal da Sa\u00fade informa que as sess\u00f5es de fisioterapia ofertadas pelo munic\u00edpio est\u00e3o suspensas, temporariamente. A interrup\u00e7\u00e3o acontecer\u00e1 devido \u00e0s reformas que est\u00e3o sendo realizadas no espa\u00e7o, localizado junto \u00e0 Associa\u00e7\u00e3o dos Deficientes F\u00edsicos de Frederico Westphalen (Lar dos Deficientes), na rua Santo Cerutti, n\u00ba 430, no bairro Barril.<\/p>\n<p style=\"text-align: justify;\">As atividades no local devem ser retomadas no dia 2 de janeiro de 2020, com atendimento normal. A secret\u00e1ria da Sa\u00fade, F\u00e1tima Guglielmin, enfatizou a import\u00e2ncia das obras. \u201cO objetivo das reformas \u00e9 proporcionar um ambiente mais adequado, para que possamos prestar cada vez mais, melhores atendimentos\u201d, afirma.&nbsp;<\/p>","protected":false},"excerpt":{"rendered":"<p>A Secretaria Municipal da Sa\u00fade informa que as sess\u00f5es de fisioterapia ofertadas pelo munic\u00edpio est\u00e3o suspensas, temporariamente. A interrup\u00e7\u00e3o acontecer\u00e1 devido \u00e0s reformas que est\u00e3o sendo realizadas no espa\u00e7o, localizado&#8230;<\/p>","protected":false},"author":2,"featured_media":38127,"comment_status":"open","ping_status":"closed","sticky":false,"template":"","format":"standard","meta":{"ngg_post_thumbnail":0,"footnotes":""},"categories":[42,28,37],"tags":[],"class_list":["post-38126","post","type-post","status-publish","format-standard","has-post-thumbnail","hentry","category-fred-west","category-destaque","category-saude"],"amp_enabled":true,"_links":{"self":[{"href":"https:\/\/www2.comunitaria.com.br\/en\/wp-json\/wp\/v2\/posts\/38126","targetHints":{"allow":["GET"]}}],"collection":[{"href":"https:\/\/www2.comunitaria.com.br\/en\/wp-json\/wp\/v2\/posts"}],"about":[{"href":"https:\/\/www2.comunitaria.com.br\/en\/wp-json\/wp\/v2\/types\/post"}],"author":[{"embeddable":true,"href":"https:\/\/www2.comunitaria.com.br\/en\/wp-json\/wp\/v2\/users\/2"}],"replies":[{"embeddable":true,"href":"https:\/\/www2.comunitaria.com.br\/en\/wp-json\/wp\/v2\/comments?post=38126"}],"version-history":[{"count":0,"href":"https:\/\/www2.comunitaria.com.br\/en\/wp-json\/wp\/v2\/posts\/38126\/revisions"}],"wp:featuredmedia":[{"embeddable":true,"href":"https:\/\/www2.comunitaria.com.br\/en\/wp-json\/wp\/v2\/media\/38127"}],"wp:attachment":[{"href":"https:\/\/www2.comunitaria.com.br\/en\/wp-json\/wp\/v2\/media?parent=38126"}],"wp:term":[{"taxonomy":"category","embeddable":true,"href":"https:\/\/www2.comunitaria.com.br\/en\/wp-json\/wp\/v2\/categories?post=38126"},{"taxonomy":"post_tag","embeddable":true,"href":"https:\/\/www2.comunitaria.com.br\/en\/wp-json\/wp\/v2\/tags?post=38126"}],"curies":[{"name":"wp","href":"https:\/\/api.w.org\/{rel}","templated":true}]}}