{"id":37965,"date":"2019-11-29T15:26:33","date_gmt":"2019-11-29T17:26:33","guid":{"rendered":"http:\/\/www2.comunitaria.com.br\/?p=37965"},"modified":"2019-11-29T15:26:33","modified_gmt":"2019-11-29T17:26:33","slug":"sicredi-esta-entre-as-150-melhores-empresas-para-trabalhar-no-brasil","status":"publish","type":"post","link":"https:\/\/www2.comunitaria.com.br\/en\/sicredi-esta-entre-as-150-melhores-empresas-para-trabalhar-no-brasil\/","title":{"rendered":"Sicredi est\u00e1 entre as 150 Melhores Empresas para trabalhar no Brasil"},"content":{"rendered":"<p style=\"text-align: justify;\">Pelo nono ano consecutivo, o Sicredi, institui\u00e7\u00e3o financeira cooperativa com mais de 4 milh\u00f5es de associados pelo pa\u00eds, foi classificado no ranking das \u201c<strong>150 Melhores Empresas para Trabalhar<\/strong>\u201d no Brasil. A lista, divulgada no dia 19 de novembro, \u00e9 resultado da pesquisa realizada pela revista Voc\u00ea S\/A, da Editora Abril, em parceria com a Funda\u00e7\u00e3o Instituto Administra\u00e7\u00e3o (FIA), com mais de 250 mil trabalhadores de cerca de 500 empresas e institui\u00e7\u00f5es, incluindo o Sicredi, nas cinco regi\u00f5es do pa\u00eds.<\/p>\n<p style=\"text-align: justify;\">As notas s\u00e3o utilizadas pelos organizadores do ranking para calcular dois indicadores: o \u00cdndice de Qualidade no Ambiente de Trabalho (IQAT), que \u00e9 baseado na vis\u00e3o dos colaboradores e o \u00cdndice de Qualidade na Gest\u00e3o de Pessoas (IQGP), uma avalia\u00e7\u00e3o feita pela publica\u00e7\u00e3o. Os dois indicadores formam o \u00cdndice de Felicidade no Trabalho (IFT), onde o Sicredi atingiu a marca de 81,9.<\/p>\n<p style=\"text-align: justify;\">Na classifica\u00e7\u00e3o setorial de Servi\u00e7os Financeiros, o Sicredi foi destaque, ocupando o 2\u00ba lugar e tendo como pontos positivos, a cria\u00e7\u00e3o de um grupo de diversidade, a ado\u00e7\u00e3o de um assistente virtual, chamado Hugo, para interpreta\u00e7\u00e3o de libras, al\u00e9m de aulas da linguagem para os funcion\u00e1rios.<\/p>\n<p style=\"text-align: justify;\">Para o Presidente da Sicredi Alto Uruguai RS\/SC\/MG, Eugenio Poltronieri, o bom desempenho no ranking deste ano e de anos anteriores reflete a ess\u00eancia da Cooperativa. \u201cTemos as pessoas como o centro da nossa atua\u00e7\u00e3o e com os nossos colaboradores, que tamb\u00e9m s\u00e3o associados, n\u00e3o poderia ser diferente. Por isso, temos pessoas que se identificam com a causa do cooperativismo e nos preocupamos em oferecer as melhores condi\u00e7\u00f5es para que elas exer\u00e7am suas atividades\u201d, afirma.<\/p>","protected":false},"excerpt":{"rendered":"<p>Pelo nono ano consecutivo, o Sicredi, institui\u00e7\u00e3o financeira cooperativa com mais de 4 milh\u00f5es de associados pelo pa\u00eds, foi classificado no ranking das \u201c150 Melhores Empresas para Trabalhar\u201d no Brasil&#8230;.<\/p>","protected":false},"author":2,"featured_media":37966,"comment_status":"open","ping_status":"closed","sticky":false,"template":"","format":"standard","meta":{"ngg_post_thumbnail":0,"footnotes":""},"categories":[28],"tags":[],"class_list":["post-37965","post","type-post","status-publish","format-standard","has-post-thumbnail","hentry","category-destaque"],"amp_enabled":true,"_links":{"self":[{"href":"https:\/\/www2.comunitaria.com.br\/en\/wp-json\/wp\/v2\/posts\/37965","targetHints":{"allow":["GET"]}}],"collection":[{"href":"https:\/\/www2.comunitaria.com.br\/en\/wp-json\/wp\/v2\/posts"}],"about":[{"href":"https:\/\/www2.comunitaria.com.br\/en\/wp-json\/wp\/v2\/types\/post"}],"author":[{"embeddable":true,"href":"https:\/\/www2.comunitaria.com.br\/en\/wp-json\/wp\/v2\/users\/2"}],"replies":[{"embeddable":true,"href":"https:\/\/www2.comunitaria.com.br\/en\/wp-json\/wp\/v2\/comments?post=37965"}],"version-history":[{"count":0,"href":"https:\/\/www2.comunitaria.com.br\/en\/wp-json\/wp\/v2\/posts\/37965\/revisions"}],"wp:featuredmedia":[{"embeddable":true,"href":"https:\/\/www2.comunitaria.com.br\/en\/wp-json\/wp\/v2\/media\/37966"}],"wp:attachment":[{"href":"https:\/\/www2.comunitaria.com.br\/en\/wp-json\/wp\/v2\/media?parent=37965"}],"wp:term":[{"taxonomy":"category","embeddable":true,"href":"https:\/\/www2.comunitaria.com.br\/en\/wp-json\/wp\/v2\/categories?post=37965"},{"taxonomy":"post_tag","embeddable":true,"href":"https:\/\/www2.comunitaria.com.br\/en\/wp-json\/wp\/v2\/tags?post=37965"}],"curies":[{"name":"wp","href":"https:\/\/api.w.org\/{rel}","templated":true}]}}