{"id":37937,"date":"2019-11-27T16:24:45","date_gmt":"2019-11-27T18:24:45","guid":{"rendered":"http:\/\/www2.comunitaria.com.br\/?p=37937"},"modified":"2019-11-27T16:54:44","modified_gmt":"2019-11-27T18:54:44","slug":"mais-de-12-milhao-de-mulheres-foram-vitimas-de-violencia-entre-2010-e-2017","status":"publish","type":"post","link":"https:\/\/www2.comunitaria.com.br\/en\/mais-de-12-milhao-de-mulheres-foram-vitimas-de-violencia-entre-2010-e-2017\/","title":{"rendered":"Mais de 1,2 milh\u00e3o de mulheres foram v\u00edtimas de viol\u00eancia entre 2010 e 2017"},"content":{"rendered":"<p style=\"text-align: justify;\"><span style=\"font-weight: 400;\">No Brasil, 1,23 milh\u00e3o de mulheres reportaram ser v\u00edtimas de viol\u00eancia entre 2010 e 2017. No mesmo per\u00edodo, mais de 177 mil mulheres e meninas foram v\u00edtimas de viol\u00eancia sexual e 38 mil mulheres foram assassinadas. Os dados s\u00e3o parte da plataforma <a href=\"https:\/\/eva.igarape.org.br\/#\/\">Evid\u00eancias sobre Viol\u00eancias e Alternativas para mulheres e meninas (EVA)<\/a>, lan\u00e7ada hoje (25) pelo Instituto Igarap\u00e9, que atua em quest\u00f5es de seguran\u00e7a e desenvolvimento.<\/span><\/p>\n<p style=\"text-align: justify;\"><span style=\"font-weight: 400;\">A data escolhida para o lan\u00e7amento \u00e9 o Dia Internacional da N\u00e3o-viol\u00eancia Contra a Mulher. Al\u00e9m do Brasil, a plataforma re\u00fane tamb\u00e9m dados sobre a mesma quest\u00e3o no M\u00e9xico e Col\u00f4mbia, e dever\u00e1 agregar informa\u00e7\u00f5es de outros pa\u00edses com a evolu\u00e7\u00e3o desse trabalho, cujo objetivo \u00e9 reunir conte\u00fado relevante para informar pol\u00edticas p\u00fablicas voltadas \u00e0 preven\u00e7\u00e3o, redu\u00e7\u00e3o e elimina\u00e7\u00e3o da viol\u00eancia contra mulheres na Am\u00e9rica Latina.<\/span><\/p>\n<p style=\"text-align: justify;\"><span style=\"font-weight: 400;\">Os dados, que chegam ao n\u00edvel municipal, est\u00e3o detalhados por idade, ra\u00e7a e tipo de instrumento utilizado. A plataforma mostra tamb\u00e9m a evolu\u00e7\u00e3o dos direitos humanos das mulheres e da igualdade de g\u00eanero, e explora a implementa\u00e7\u00e3o de iniciativas de combate \u00e0 viol\u00eancia contra mulheres.<\/span><\/p>\n<p style=\"text-align: justify;\"><span style=\"font-weight: 400;\">Em 2017, no munic\u00edpio de Frederico Westphalen, segundo os dados dispon\u00edveis na plataforma, os principais tipos de arma utilizados para agredir mulheres foram a for\u00e7a corporal (44.4%) e produtos qu\u00edmicos e subst\u00e2ncias nocivas (22.2%). Al\u00e9m disso, a faixa et\u00e1ria mais atingida foram mulheres entre 15 e 29 anos, com 44.4%.&nbsp;&nbsp;<\/span><\/p>\n<p style=\"text-align: justify;\"><span style=\"font-weight: 400;\">\u201cA produ\u00e7\u00e3o, a coleta e a sistematiza\u00e7\u00e3o de dados s\u00e3o a\u00e7\u00f5es fundamentais para entender os padr\u00f5es da viol\u00eancia contra mulheres e para planejar pol\u00edticas baseadas em evid\u00eancia e que sejam eficazes\u201d, informa a plataforma.<\/span><\/p>\n<p style=\"text-align: justify;\"><span style=\"font-weight: 400;\">A plataforma apresenta tamb\u00e9m dados dos sistemas de sa\u00fade, fundamentais para entender que tipos de viol\u00eancias est\u00e3o sendo atendidas em hospitais, centros de aten\u00e7\u00e3o e outras unidades.<\/span><\/p>\n<p style=\"text-align: justify;\"><span style=\"font-weight: 400;\">O instituto acredita que a aus\u00eancia de \u00f3rg\u00e3os respons\u00e1veis pela produ\u00e7\u00e3o de dados e a falta de padroniza\u00e7\u00e3o em sua sistematiza\u00e7\u00e3o dificulta as an\u00e1lises e a identifica\u00e7\u00e3o de padr\u00f5es de vitimiza\u00e7\u00e3o. Assim, presta sua contribui\u00e7\u00e3o tanto aos sistemas de sa\u00fade como de seguran\u00e7a p\u00fablica para esse tipo de viol\u00eancia. As pesquisas nacionais de vitimiza\u00e7\u00e3o foram tamb\u00e9m consideradas para a Col\u00f4mbia e para o M\u00e9xico, que n\u00e3o produzem dados sobre a viol\u00eancia psicol\u00f3gica e moral.<\/span><\/p>\n<p>Confira tamb\u00e9m: <a href=\"http:\/\/www2.comunitaria.com.br\/en\/violencia-contra-mulher-fw-registra-um-estupro-a-cada-dois-meses-em-2019\/\">Frederico Westphalen registra um estupro a cada dois meses em 2019<\/a><\/p>\n<p>&nbsp;<\/p>\n<h5 style=\"text-align: justify;\"><strong>Ministra tenta simbolizar a data<\/strong><\/h5>\n<p style=\"text-align: justify;\"><span style=\"font-weight: 400;\">Na carona do Dia Internacional da N\u00e3o-viol\u00eancia Contra a Mulher, a ministra da Mulher, da Fam\u00edlia e dos Direitos Humanos do governo Bolsonaro, Damares Alves, convocou a imprensa na tarde de hoje para dar entrevista coletiva. Mas surpreendeu os rep\u00f3rteres ao aparecer na frente dos microfones e se manter em sil\u00eancio, e depois sair sem responder \u00e0s perguntas, encerrando a coletiva.<\/span><\/p>\n<p style=\"text-align: justify;\"><span style=\"font-weight: 400;\">Uma hora ap\u00f3s o epis\u00f3dio, a assessoria de imprensa da ministra informou que ela fez uma encena\u00e7\u00e3o para mostrar como o sil\u00eancio da mulher incomoda. \u201cSe uma mulher perde a voz, todas perdem\u201d, informou a assessoria, lembrando a data celebrada hoje.<\/span><\/p>\n<p style=\"text-align: justify;\"><span style=\"font-weight: 400;\">Mais tarde, em evento no Pal\u00e1cio do Planalto, a ministra Damares explicou seu ato: \u201cEu queria dizer para todos os rep\u00f3rteres que a mulher n\u00e3o pode ficar em sil\u00eancio\u201d. E completou: \u201cVoc\u00ea que est\u00e1 sendo v\u00edtima de viol\u00eancia ligue agora 180, \u00e9 no nosso minist\u00e9rio n\u00f3s vamos atender. Voc\u00ea mulher cigana, ribeirinha, ind\u00edgena, quem est\u00e1 sofrendo algum tipo de viol\u00eancia, ligue para n\u00f3s\u201d.<\/span><\/p>\n<p style=\"text-align: justify;\">*Rede Brasil Atual<\/p>","protected":false},"excerpt":{"rendered":"<p>No Brasil, 1,23 milh\u00e3o de mulheres reportaram ser v\u00edtimas de viol\u00eancia entre 2010 e 2017. No mesmo per\u00edodo, mais de 177 mil mulheres e meninas foram v\u00edtimas de viol\u00eancia sexual e 38 mil mulheres foram assassinadas. Os dados s\u00e3o parte da plataforma Evid\u00eancias sobre Viol\u00eancias e Alternativas para mulheres e meninas (EVA), lan\u00e7ada hoje (25)<\/p>\n<div class=\"read-more-wrapper\"><a class=\"read-more\" href=\"https:\/\/www2.comunitaria.com.br\/en\/mais-de-12-milhao-de-mulheres-foram-vitimas-de-violencia-entre-2010-e-2017\/\" title=\"Read More\"> <span class=\"button\">Read More<\/span><\/a><\/div>","protected":false},"author":2,"featured_media":37938,"comment_status":"open","ping_status":"closed","sticky":false,"template":"","format":"standard","meta":{"ngg_post_thumbnail":0,"footnotes":""},"categories":[28],"tags":[4477,1952,82,4476],"class_list":["post-37937","post","type-post","status-publish","format-standard","has-post-thumbnail","hentry","category-destaque","tag-agressoes","tag-dados","tag-frederico-westphalen","tag-violencia-contra-a-mulher"],"amp_enabled":true,"_links":{"self":[{"href":"https:\/\/www2.comunitaria.com.br\/en\/wp-json\/wp\/v2\/posts\/37937","targetHints":{"allow":["GET"]}}],"collection":[{"href":"https:\/\/www2.comunitaria.com.br\/en\/wp-json\/wp\/v2\/posts"}],"about":[{"href":"https:\/\/www2.comunitaria.com.br\/en\/wp-json\/wp\/v2\/types\/post"}],"author":[{"embeddable":true,"href":"https:\/\/www2.comunitaria.com.br\/en\/wp-json\/wp\/v2\/users\/2"}],"replies":[{"embeddable":true,"href":"https:\/\/www2.comunitaria.com.br\/en\/wp-json\/wp\/v2\/comments?post=37937"}],"version-history":[{"count":0,"href":"https:\/\/www2.comunitaria.com.br\/en\/wp-json\/wp\/v2\/posts\/37937\/revisions"}],"wp:featuredmedia":[{"embeddable":true,"href":"https:\/\/www2.comunitaria.com.br\/en\/wp-json\/wp\/v2\/media\/37938"}],"wp:attachment":[{"href":"https:\/\/www2.comunitaria.com.br\/en\/wp-json\/wp\/v2\/media?parent=37937"}],"wp:term":[{"taxonomy":"category","embeddable":true,"href":"https:\/\/www2.comunitaria.com.br\/en\/wp-json\/wp\/v2\/categories?post=37937"},{"taxonomy":"post_tag","embeddable":true,"href":"https:\/\/www2.comunitaria.com.br\/en\/wp-json\/wp\/v2\/tags?post=37937"}],"curies":[{"name":"wp","href":"https:\/\/api.w.org\/{rel}","templated":true}]}}