{"id":3791,"date":"2015-05-28T10:38:09","date_gmt":"2015-05-28T12:38:09","guid":{"rendered":"http:\/\/www2.comunitaria.com.br\/?p=3791"},"modified":"2015-05-28T10:38:09","modified_gmt":"2015-05-28T12:38:09","slug":"camara-aprova-doacoes-de-empresas-a-partidos-politicos-fim-e-da-reeleicao","status":"publish","type":"post","link":"https:\/\/www2.comunitaria.com.br\/en\/camara-aprova-doacoes-de-empresas-a-partidos-politicos-fim-e-da-reeleicao\/","title":{"rendered":"C\u00e2mara aprova doa\u00e7\u00f5es de empresas a partidos pol\u00edticos fim e da reelei\u00e7\u00e3o"},"content":{"rendered":"<p style=\"text-align: justify;\">Numa grande mobiliza\u00e7\u00e3o feita pelo presidente da Casa, Eduardo Cunha (PMDB-SP), o Plen\u00e1rio da C\u00e2mara dos Deputados aprovou, por 330 votos a 141 e uma absten\u00e7\u00e3o, emenda \u00e0 proposta da reforma pol\u00edtica que autoriza o financiamento privado de campanhas com doa\u00e7\u00f5es de pessoas f\u00edsicas e jur\u00eddicas. A manobra quebrou acordo dessa ter\u00e7a-feira, quando Cunha\u00a0disse que colocaria a quest\u00e3o em vota\u00e7\u00e3o apenas uma vez, mas ao ser derrotado, voltou a apresentar com nova reda\u00e7\u00e3o.<\/p>\n<p style=\"text-align: justify;\">O texto ficou a cargo do deputado Celso Russomanno (PRB-SP), modificando apenas quem poder\u00e1 receber doa\u00e7\u00f5es.\u00a0No caso, empresas privadas s\u00f3 poder\u00e3o doar a partidos, que redistribuir\u00e3o as verbas aos candidatos. Na emenda, n\u00e3o foi definida uma obriga\u00e7\u00e3o de identifica\u00e7\u00e3o da origem das doa\u00e7\u00f5es, podendo serem retomadas as &#8220;doa\u00e7\u00f5es ocultas&#8221;.\u00a0 Os limites m\u00e1ximos de arrecada\u00e7\u00e3o e os gastos de recursos para cada cargo eletivo dever\u00e3o ser definidos em lei.<\/p>\n<p style=\"text-align: justify;\">Na sequ\u00eancia das vota\u00e7\u00f5es de emendas \u00e0 proposta de reforma pol\u00edtica, a C\u00e2mara dos Deputados aprovou, na noite desta quarta-feira, o fim da reelei\u00e7\u00e3o para os mandatos do poder executivo (presidente, governador e prefeito). A medida teve 452 votos, 19 contr\u00e1rios e uma absten\u00e7\u00e3o.<\/p>\n<p style=\"text-align: justify;\">O texto aprovado sobre o fim da reelei\u00e7\u00e3o \u00e9 o do relat\u00f3rio do deputado Rodrigo Maia (DEM-RJ), que prev\u00ea uma transi\u00e7\u00e3o. Ela n\u00e3o se aplicar\u00e1 aos governadores eleitos em 2014 e aos prefeitos eleitos em 2012, nem a quem os suceder ou substituir nos seis meses anteriores ao pleito subsequente, exceto se j\u00e1 tiverem exercido os mesmos cargos no per\u00edodo anterior.<\/p>\n<p style=\"text-align: justify;\">A exce\u00e7\u00e3o para o cargo de presidente da Rep\u00fablica n\u00e3o cabe porque a presidente Dilma Rousseff, j\u00e1 reeleita, n\u00e3o poder\u00e1 se candidatar novamente em 2018. Ap\u00f3s a vota\u00e7\u00e3o, a Ordem do Dia foi encerrada. Nesta quinta-feira, a partir do meio-dia, os deputados continuam a votar a reforma pol\u00edtica por temas.<\/p>\n<audio class=\"wp-audio-shortcode\" id=\"audio-3791-1\" preload=\"none\" style=\"width: 100%;\" controls=\"controls\"><source type=\"audio\/mpeg\" src=\"http:\/\/www2.comunitaria.com.br\/wp-content\/uploads\/2015\/05\/ultimas_20150527_pb_plenario.mp3?_=1\" \/><a href=\"http:\/\/www2.comunitaria.com.br\/wp-content\/uploads\/2015\/05\/ultimas_20150527_pb_plenario.mp3\">http:\/\/www2.comunitaria.com.br\/wp-content\/uploads\/2015\/05\/ultimas_20150527_pb_plenario.mp3<\/a><\/audio>","protected":false},"excerpt":{"rendered":"<p>Numa grande mobiliza\u00e7\u00e3o feita pelo presidente da Casa, Eduardo Cunha (PMDB-SP), o Plen\u00e1rio da C\u00e2mara dos Deputados aprovou, por 330 votos a 141 e uma absten\u00e7\u00e3o, emenda \u00e0 proposta da&#8230;<\/p>","protected":false},"author":2,"featured_media":3793,"comment_status":"open","ping_status":"closed","sticky":false,"template":"","format":"standard","meta":{"ngg_post_thumbnail":0,"footnotes":""},"categories":[51,47,28,33,38],"tags":[950,949,948],"class_list":["post-3791","post","type-post","status-publish","format-standard","has-post-thumbnail","hentry","category-audio","category-brasil","category-destaque","category-noticias","category-politica","tag-financiamento","tag-reeleicao","tag-reforma-politica"],"amp_enabled":true,"_links":{"self":[{"href":"https:\/\/www2.comunitaria.com.br\/en\/wp-json\/wp\/v2\/posts\/3791","targetHints":{"allow":["GET"]}}],"collection":[{"href":"https:\/\/www2.comunitaria.com.br\/en\/wp-json\/wp\/v2\/posts"}],"about":[{"href":"https:\/\/www2.comunitaria.com.br\/en\/wp-json\/wp\/v2\/types\/post"}],"author":[{"embeddable":true,"href":"https:\/\/www2.comunitaria.com.br\/en\/wp-json\/wp\/v2\/users\/2"}],"replies":[{"embeddable":true,"href":"https:\/\/www2.comunitaria.com.br\/en\/wp-json\/wp\/v2\/comments?post=3791"}],"version-history":[{"count":0,"href":"https:\/\/www2.comunitaria.com.br\/en\/wp-json\/wp\/v2\/posts\/3791\/revisions"}],"wp:featuredmedia":[{"embeddable":true,"href":"https:\/\/www2.comunitaria.com.br\/en\/wp-json\/wp\/v2\/media\/3793"}],"wp:attachment":[{"href":"https:\/\/www2.comunitaria.com.br\/en\/wp-json\/wp\/v2\/media?parent=3791"}],"wp:term":[{"taxonomy":"category","embeddable":true,"href":"https:\/\/www2.comunitaria.com.br\/en\/wp-json\/wp\/v2\/categories?post=3791"},{"taxonomy":"post_tag","embeddable":true,"href":"https:\/\/www2.comunitaria.com.br\/en\/wp-json\/wp\/v2\/tags?post=3791"}],"curies":[{"name":"wp","href":"https:\/\/api.w.org\/{rel}","templated":true}]}}