{"id":37882,"date":"2019-11-22T17:57:27","date_gmt":"2019-11-22T19:57:27","guid":{"rendered":"http:\/\/www2.comunitaria.com.br\/?p=37882"},"modified":"2019-11-22T18:00:49","modified_gmt":"2019-11-22T20:00:49","slug":"abertura-do-frederico-em-luz-2019-acontece-neste-domingo","status":"publish","type":"post","link":"https:\/\/www2.comunitaria.com.br\/en\/abertura-do-frederico-em-luz-2019-acontece-neste-domingo\/","title":{"rendered":"Abertura do Frederico em Luz 2019 acontece neste domingo"},"content":{"rendered":"<p style=\"text-align: justify;\">Restam apenas dois dias para iniciar um dos maiores eventos natalinos da regi\u00e3o. Neste domingo, 24, na Pra\u00e7a da Matriz, em frente \u00e0 Catedral Santo Ant\u00f4nio, ser\u00e1 realizada a abertura oficial do Frederico em Luz 2019, a partir das 20h30min.<\/p>\n<p style=\"text-align: justify;\">A programa\u00e7\u00e3o contar\u00e1 com missa \u00e0s 19 horas, no sal\u00e3o Paroquial da Catedral Santo Ant\u00f4nio, e posteriormente ter\u00e1 in\u00edcio a solenidade de abertura com o acendimento das luzes de Natal, e o tradicional Show de Fogos, com 60% menos ru\u00eddos, de acordo com a legisla\u00e7\u00e3o vigente.<\/p>\n<p style=\"text-align: justify;\">Al\u00e9m disso, a primeira noite do Frederico em Luz contar\u00e1 com show do tenor Alexandre Borges, da cantora l\u00edrica mezzo-soprano Candy Belotto e a apresenta\u00e7\u00e3o especial do grupo teatral frederiquense Novos Loucos Poetas.&nbsp;<\/p>\n<p style=\"text-align: justify;\">A programa\u00e7\u00e3o completa voc\u00ea confere <a href=\"http:\/\/www2.comunitaria.com.br\/en\/programacao-do-frederico-em-luz-e-divulgada\/\">aqui<\/a>.<\/p>","protected":false},"excerpt":{"rendered":"<p>Restam apenas dois dias para iniciar um dos maiores eventos natalinos da regi\u00e3o. Neste domingo, 24, na Pra\u00e7a da Matriz, em frente \u00e0 Catedral Santo Ant\u00f4nio, ser\u00e1 realizada a abertura oficial do Frederico em Luz 2019, a partir das 20h30min. A programa\u00e7\u00e3o contar\u00e1 com missa \u00e0s 19 horas, no sal\u00e3o Paroquial da Catedral Santo Ant\u00f4nio,<\/p>\n<div class=\"read-more-wrapper\"><a class=\"read-more\" href=\"https:\/\/www2.comunitaria.com.br\/en\/abertura-do-frederico-em-luz-2019-acontece-neste-domingo\/\" title=\"Read More\"> <span class=\"button\">Read More<\/span><\/a><\/div>","protected":false},"author":2,"featured_media":37883,"comment_status":"open","ping_status":"closed","sticky":false,"template":"","format":"standard","meta":{"ngg_post_thumbnail":0,"footnotes":""},"categories":[42,28],"tags":[289,187,288],"class_list":["post-37882","post","type-post","status-publish","format-standard","has-post-thumbnail","hentry","category-fred-west","category-destaque","tag-abertura","tag-frederico-em-luz","tag-programacao"],"amp_enabled":true,"_links":{"self":[{"href":"https:\/\/www2.comunitaria.com.br\/en\/wp-json\/wp\/v2\/posts\/37882","targetHints":{"allow":["GET"]}}],"collection":[{"href":"https:\/\/www2.comunitaria.com.br\/en\/wp-json\/wp\/v2\/posts"}],"about":[{"href":"https:\/\/www2.comunitaria.com.br\/en\/wp-json\/wp\/v2\/types\/post"}],"author":[{"embeddable":true,"href":"https:\/\/www2.comunitaria.com.br\/en\/wp-json\/wp\/v2\/users\/2"}],"replies":[{"embeddable":true,"href":"https:\/\/www2.comunitaria.com.br\/en\/wp-json\/wp\/v2\/comments?post=37882"}],"version-history":[{"count":0,"href":"https:\/\/www2.comunitaria.com.br\/en\/wp-json\/wp\/v2\/posts\/37882\/revisions"}],"wp:featuredmedia":[{"embeddable":true,"href":"https:\/\/www2.comunitaria.com.br\/en\/wp-json\/wp\/v2\/media\/37883"}],"wp:attachment":[{"href":"https:\/\/www2.comunitaria.com.br\/en\/wp-json\/wp\/v2\/media?parent=37882"}],"wp:term":[{"taxonomy":"category","embeddable":true,"href":"https:\/\/www2.comunitaria.com.br\/en\/wp-json\/wp\/v2\/categories?post=37882"},{"taxonomy":"post_tag","embeddable":true,"href":"https:\/\/www2.comunitaria.com.br\/en\/wp-json\/wp\/v2\/tags?post=37882"}],"curies":[{"name":"wp","href":"https:\/\/api.w.org\/{rel}","templated":true}]}}