{"id":37683,"date":"2019-11-08T18:14:35","date_gmt":"2019-11-08T20:14:35","guid":{"rendered":"http:\/\/www2.comunitaria.com.br\/?p=37683"},"modified":"2019-11-08T18:14:35","modified_gmt":"2019-11-08T20:14:35","slug":"criancas-do-cemaca-recebem-graduacao-de-capoeira","status":"publish","type":"post","link":"https:\/\/www2.comunitaria.com.br\/en\/criancas-do-cemaca-recebem-graduacao-de-capoeira\/","title":{"rendered":"Crian\u00e7as do Cemaca recebem gradua\u00e7\u00e3o de Capoeira"},"content":{"rendered":"<p style=\"text-align: justify;\">Na noite desta quarta-feira, 6, cerca de 40 crian\u00e7as e adolescentes do Centro Municipal de Atendimento \u00e0 Crian\u00e7a e ao Adolescente (Cemaca) foram graduadas em capoeira. O evento ocorreu na Associa\u00e7\u00e3o Atl\u00e9tica Banco do Brasil (AABB) de Frederico Westphalen, onde as crian\u00e7as foram \u201cbatizadas\u201d e receberam seus cord\u00e9is de gradua\u00e7\u00e3o.<\/p>\n<p style=\"text-align: justify;\">As crian\u00e7as, que t\u00eam entre 6 e 15 anos, praticam a arte marcial brasileira em oficinas ofertadas pela Secretaria Municipal de Assist\u00eancia Social e Habita\u00e7\u00e3o (Smash), por meio do Cemaca. As aulas s\u00e3o ministradas pelo professor Adilson Lima, do grupo internacional de Capoeira Ox\u00f3sse.<\/p>\n<p style=\"text-align: justify;\">Para a secret\u00e1ria de Assist\u00eancia Social e Habita\u00e7\u00e3o, Carla Veronese, \u00e9 gratificante proporcionar a atividade para as crian\u00e7as e adolescentes atendidos pelo Cemaca. \u201cA\u00e7\u00f5es como estas, que complementam a execu\u00e7\u00e3o da pol\u00edtica de assist\u00eancia social voltado para este p\u00fablico, qualificam o trabalho desenvolvido e, mais do que isso, permitem a eles vivenciar novas experi\u00eancias e novas possibilidades, que ir\u00e3o contribuir diretamente para seus futuros\u201d, destacou.<\/p>","protected":false},"excerpt":{"rendered":"<p>Na noite desta quarta-feira, 6, cerca de 40 crian\u00e7as e adolescentes do Centro Municipal de Atendimento \u00e0 Crian\u00e7a e ao Adolescente (Cemaca) foram graduadas em capoeira. O evento ocorreu na Associa\u00e7\u00e3o Atl\u00e9tica Banco do Brasil (AABB) de Frederico Westphalen, onde as crian\u00e7as foram \u201cbatizadas\u201d e receberam seus cord\u00e9is de gradua\u00e7\u00e3o. As crian\u00e7as, que t\u00eam entre<\/p>\n<div class=\"read-more-wrapper\"><a class=\"read-more\" href=\"https:\/\/www2.comunitaria.com.br\/en\/criancas-do-cemaca-recebem-graduacao-de-capoeira\/\" title=\"Read More\"> <span class=\"button\">Read More<\/span><\/a><\/div>","protected":false},"author":2,"featured_media":37684,"comment_status":"open","ping_status":"closed","sticky":false,"template":"","format":"standard","meta":{"ngg_post_thumbnail":0,"footnotes":""},"categories":[42,33],"tags":[2146,2204],"class_list":["post-37683","post","type-post","status-publish","format-standard","has-post-thumbnail","hentry","category-fred-west","category-noticias","tag-capoeira","tag-cemaca"],"amp_enabled":true,"_links":{"self":[{"href":"https:\/\/www2.comunitaria.com.br\/en\/wp-json\/wp\/v2\/posts\/37683","targetHints":{"allow":["GET"]}}],"collection":[{"href":"https:\/\/www2.comunitaria.com.br\/en\/wp-json\/wp\/v2\/posts"}],"about":[{"href":"https:\/\/www2.comunitaria.com.br\/en\/wp-json\/wp\/v2\/types\/post"}],"author":[{"embeddable":true,"href":"https:\/\/www2.comunitaria.com.br\/en\/wp-json\/wp\/v2\/users\/2"}],"replies":[{"embeddable":true,"href":"https:\/\/www2.comunitaria.com.br\/en\/wp-json\/wp\/v2\/comments?post=37683"}],"version-history":[{"count":0,"href":"https:\/\/www2.comunitaria.com.br\/en\/wp-json\/wp\/v2\/posts\/37683\/revisions"}],"wp:featuredmedia":[{"embeddable":true,"href":"https:\/\/www2.comunitaria.com.br\/en\/wp-json\/wp\/v2\/media\/37684"}],"wp:attachment":[{"href":"https:\/\/www2.comunitaria.com.br\/en\/wp-json\/wp\/v2\/media?parent=37683"}],"wp:term":[{"taxonomy":"category","embeddable":true,"href":"https:\/\/www2.comunitaria.com.br\/en\/wp-json\/wp\/v2\/categories?post=37683"},{"taxonomy":"post_tag","embeddable":true,"href":"https:\/\/www2.comunitaria.com.br\/en\/wp-json\/wp\/v2\/tags?post=37683"}],"curies":[{"name":"wp","href":"https:\/\/api.w.org\/{rel}","templated":true}]}}