{"id":37550,"date":"2019-10-31T17:51:23","date_gmt":"2019-10-31T19:51:23","guid":{"rendered":"http:\/\/www2.comunitaria.com.br\/?p=37550"},"modified":"2019-10-31T18:03:48","modified_gmt":"2019-10-31T20:03:48","slug":"projeto-imersao-cultural-chega-no-municipio-de-alpestre","status":"publish","type":"post","link":"https:\/\/www2.comunitaria.com.br\/en\/projeto-imersao-cultural-chega-no-municipio-de-alpestre\/","title":{"rendered":"Projeto Imers\u00e3o Cultural realiza atividades em Alpestre"},"content":{"rendered":"<p style=\"text-align: justify;\">Iniciado ainda no ano de 2018, o projeto \u201cImers\u00e3o Cultural \u2013 A Arte C\u00eanica na Escola\u201d &#8211; PRONAC 177620, vem ofertando aulas gratuitas de Circo, Dan\u00e7a e Teatro para crian\u00e7as e adolescentes em idade escolar em institui\u00e7\u00f5es de ensino de Frederico Westphalen\/RS, Alpestre\/RS e Chapec\u00f3\/SC.<\/p>\n<p>Ap\u00f3s iniciar as oficinas de Circo, Teatro e Dan\u00e7a em 2 de abril em Alpestre\/RS, a iniciativa se desenvolveu nas depend\u00eancias da Casa da Cultura, no centro do munic\u00edpio, onde as atividades foram ofertadas de maneira gratuita semanalmente. A \u00faltima ter\u00e7a-feira, 29, foi marcada por dois eventos do projeto na localidade, os quais realizaram as apresenta\u00e7\u00f5es de Dan\u00e7a Adaptada, junto aos alunos da APAE Alpestre, Ballet e Circo.&nbsp; Centenas de pessoas prestigiaram as sess\u00f5es realizadas.<\/p>\n<p>O \u201cImers\u00e3o Cultural \u2013 A Arte C\u00eanica na Escola\u201d, \u00e9 uma realiza\u00e7\u00e3o da Secretaria Especial da Cultura, Minist\u00e9rio da Cidadania, Governo Federal, e conta com financiamento de Lei de Incentivo \u00e0 Cultura e produ\u00e7\u00e3o de Roberto Torres Junior.<\/p>","protected":false},"excerpt":{"rendered":"<p>Iniciado ainda no ano de 2018, o projeto \u201cImers\u00e3o Cultural \u2013 A Arte C\u00eanica na Escola\u201d &#8211; PRONAC 177620, vem ofertando aulas gratuitas de Circo, Dan\u00e7a e Teatro para crian\u00e7as&#8230;<\/p>","protected":false},"author":2,"featured_media":37551,"comment_status":"open","ping_status":"closed","sticky":false,"template":"","format":"standard","meta":{"ngg_post_thumbnail":0,"footnotes":""},"categories":[33],"tags":[81,4438,4437,117],"class_list":["post-37550","post","type-post","status-publish","format-standard","has-post-thumbnail","hentry","category-noticias","tag-alpestre","tag-arte-cenica","tag-imersao-cultural","tag-projeto"],"amp_enabled":true,"_links":{"self":[{"href":"https:\/\/www2.comunitaria.com.br\/en\/wp-json\/wp\/v2\/posts\/37550","targetHints":{"allow":["GET"]}}],"collection":[{"href":"https:\/\/www2.comunitaria.com.br\/en\/wp-json\/wp\/v2\/posts"}],"about":[{"href":"https:\/\/www2.comunitaria.com.br\/en\/wp-json\/wp\/v2\/types\/post"}],"author":[{"embeddable":true,"href":"https:\/\/www2.comunitaria.com.br\/en\/wp-json\/wp\/v2\/users\/2"}],"replies":[{"embeddable":true,"href":"https:\/\/www2.comunitaria.com.br\/en\/wp-json\/wp\/v2\/comments?post=37550"}],"version-history":[{"count":0,"href":"https:\/\/www2.comunitaria.com.br\/en\/wp-json\/wp\/v2\/posts\/37550\/revisions"}],"wp:featuredmedia":[{"embeddable":true,"href":"https:\/\/www2.comunitaria.com.br\/en\/wp-json\/wp\/v2\/media\/37551"}],"wp:attachment":[{"href":"https:\/\/www2.comunitaria.com.br\/en\/wp-json\/wp\/v2\/media?parent=37550"}],"wp:term":[{"taxonomy":"category","embeddable":true,"href":"https:\/\/www2.comunitaria.com.br\/en\/wp-json\/wp\/v2\/categories?post=37550"},{"taxonomy":"post_tag","embeddable":true,"href":"https:\/\/www2.comunitaria.com.br\/en\/wp-json\/wp\/v2\/tags?post=37550"}],"curies":[{"name":"wp","href":"https:\/\/api.w.org\/{rel}","templated":true}]}}