{"id":3738,"date":"2015-05-25T07:31:57","date_gmt":"2015-05-25T09:31:57","guid":{"rendered":"http:\/\/www2.comunitaria.com.br\/?p=3738"},"modified":"2015-05-25T07:31:57","modified_gmt":"2015-05-25T09:31:57","slug":"homens-armados-rendem-familia-em-assalto-no-centro-de-alpestre","status":"publish","type":"post","link":"https:\/\/www2.comunitaria.com.br\/en\/homens-armados-rendem-familia-em-assalto-no-centro-de-alpestre\/","title":{"rendered":"Homens armados rendem fam\u00edlia em assalto no centro de Alpestre"},"content":{"rendered":"<p>Um assalto a m\u00e3o armada foi realizado por volta das 19 horas desta sexta-feira, 22, em Alpestre. Segundo informa\u00e7\u00f5es da Brigada Militar do munic\u00edpio, quatro criminosos renderam o empres\u00e1rio propriet\u00e1rio da Ferragens Rigo e sua esposa dentro da resid\u00eancia da fam\u00edlia, localizada na rua Barr\u00e3o do Rio Branco, no centro da cidade. Enquanto dois indiv\u00edduos levaram o empres\u00e1rio at\u00e9 o cofre da empresa, os outros dois meliantes permaneceram na casa com a esposa.<\/p>\n<p>Da resid\u00eancia foram levadas j\u00f3ias, uma quantia em dinheiro n\u00e3o divulgada e uma camioneta Ford\/L-200, de cor preta. Os indiv\u00edduos n\u00e3o foram identificados e tamb\u00e9m n\u00e3o foram encontrados em buscas realizadas ap\u00f3s o assalto. A Pol\u00edcia Civil ir\u00e1 investigar o caso. <\/p>\n<p>Jornal O Alto Uruguai<\/p>","protected":false},"excerpt":{"rendered":"<p>Um assalto a m\u00e3o armada foi realizado por volta das 19 horas desta sexta-feira, 22, em Alpestre. Segundo informa\u00e7\u00f5es da Brigada Militar do munic\u00edpio, quatro criminosos renderam o empres\u00e1rio propriet\u00e1rio&#8230;<\/p>","protected":false},"author":2,"featured_media":3739,"comment_status":"open","ping_status":"closed","sticky":false,"template":"","format":"standard","meta":{"ngg_post_thumbnail":0,"footnotes":""},"categories":[33,36,43],"tags":[81,405],"class_list":["post-3738","post","type-post","status-publish","format-standard","has-post-thumbnail","hentry","category-noticias","category-policia","category-regiao","tag-alpestre","tag-assalto"],"amp_enabled":true,"_links":{"self":[{"href":"https:\/\/www2.comunitaria.com.br\/en\/wp-json\/wp\/v2\/posts\/3738","targetHints":{"allow":["GET"]}}],"collection":[{"href":"https:\/\/www2.comunitaria.com.br\/en\/wp-json\/wp\/v2\/posts"}],"about":[{"href":"https:\/\/www2.comunitaria.com.br\/en\/wp-json\/wp\/v2\/types\/post"}],"author":[{"embeddable":true,"href":"https:\/\/www2.comunitaria.com.br\/en\/wp-json\/wp\/v2\/users\/2"}],"replies":[{"embeddable":true,"href":"https:\/\/www2.comunitaria.com.br\/en\/wp-json\/wp\/v2\/comments?post=3738"}],"version-history":[{"count":0,"href":"https:\/\/www2.comunitaria.com.br\/en\/wp-json\/wp\/v2\/posts\/3738\/revisions"}],"wp:featuredmedia":[{"embeddable":true,"href":"https:\/\/www2.comunitaria.com.br\/en\/wp-json\/wp\/v2\/media\/3739"}],"wp:attachment":[{"href":"https:\/\/www2.comunitaria.com.br\/en\/wp-json\/wp\/v2\/media?parent=3738"}],"wp:term":[{"taxonomy":"category","embeddable":true,"href":"https:\/\/www2.comunitaria.com.br\/en\/wp-json\/wp\/v2\/categories?post=3738"},{"taxonomy":"post_tag","embeddable":true,"href":"https:\/\/www2.comunitaria.com.br\/en\/wp-json\/wp\/v2\/tags?post=3738"}],"curies":[{"name":"wp","href":"https:\/\/api.w.org\/{rel}","templated":true}]}}