{"id":37358,"date":"2019-10-25T18:03:13","date_gmt":"2019-10-25T20:03:13","guid":{"rendered":"http:\/\/www2.comunitaria.com.br\/?p=37358"},"modified":"2019-10-25T18:03:13","modified_gmt":"2019-10-25T20:03:13","slug":"decreto-institui-ponto-facultativo-para-o-dia-28-de-outubro","status":"publish","type":"post","link":"https:\/\/www2.comunitaria.com.br\/en\/decreto-institui-ponto-facultativo-para-o-dia-28-de-outubro\/","title":{"rendered":"Decreto institui ponto facultativo para o dia 28 de outubro"},"content":{"rendered":"<p style=\"text-align: justify;\">Nesta sexta-feira, 25, o prefeito Jos\u00e9 Alberto Panosso, em comemora\u00e7\u00e3o ao \u201cDia do Funcion\u00e1rio P\u00fablico\u201d, assinou o decreto que institui ponto facultativo para o dia 28 de outubro deste ano. O decreto prev\u00ea que servi\u00e7os essenciais continuados, como de limpeza p\u00fablica, sa\u00fade e vigil\u00e2ncia permanecer\u00e3o em funcionamento.<\/p>\n<p>&nbsp;<\/p>\n<p>&nbsp;<\/p>\n<p>&nbsp;<\/p>\n<p>&nbsp;<\/p>\n<p><em>Fonte: Assessoria de Imprensa da Prefeitura de Frederico Westphalen<\/em><\/p>","protected":false},"excerpt":{"rendered":"<p>Nesta sexta-feira, 25, o prefeito Jos\u00e9 Alberto Panosso, em comemora\u00e7\u00e3o ao \u201cDia do Funcion\u00e1rio P\u00fablico\u201d, assinou o decreto que institui ponto facultativo para o dia 28 de outubro deste ano&#8230;.<\/p>","protected":false},"author":2,"featured_media":36051,"comment_status":"open","ping_status":"closed","sticky":false,"template":"","format":"standard","meta":{"ngg_post_thumbnail":0,"footnotes":""},"categories":[42,33],"tags":[198],"class_list":["post-37358","post","type-post","status-publish","format-standard","has-post-thumbnail","hentry","category-fred-west","category-noticias","tag-prefeito"],"amp_enabled":true,"_links":{"self":[{"href":"https:\/\/www2.comunitaria.com.br\/en\/wp-json\/wp\/v2\/posts\/37358","targetHints":{"allow":["GET"]}}],"collection":[{"href":"https:\/\/www2.comunitaria.com.br\/en\/wp-json\/wp\/v2\/posts"}],"about":[{"href":"https:\/\/www2.comunitaria.com.br\/en\/wp-json\/wp\/v2\/types\/post"}],"author":[{"embeddable":true,"href":"https:\/\/www2.comunitaria.com.br\/en\/wp-json\/wp\/v2\/users\/2"}],"replies":[{"embeddable":true,"href":"https:\/\/www2.comunitaria.com.br\/en\/wp-json\/wp\/v2\/comments?post=37358"}],"version-history":[{"count":0,"href":"https:\/\/www2.comunitaria.com.br\/en\/wp-json\/wp\/v2\/posts\/37358\/revisions"}],"wp:featuredmedia":[{"embeddable":true,"href":"https:\/\/www2.comunitaria.com.br\/en\/wp-json\/wp\/v2\/media\/36051"}],"wp:attachment":[{"href":"https:\/\/www2.comunitaria.com.br\/en\/wp-json\/wp\/v2\/media?parent=37358"}],"wp:term":[{"taxonomy":"category","embeddable":true,"href":"https:\/\/www2.comunitaria.com.br\/en\/wp-json\/wp\/v2\/categories?post=37358"},{"taxonomy":"post_tag","embeddable":true,"href":"https:\/\/www2.comunitaria.com.br\/en\/wp-json\/wp\/v2\/tags?post=37358"}],"curies":[{"name":"wp","href":"https:\/\/api.w.org\/{rel}","templated":true}]}}