{"id":37356,"date":"2019-10-25T13:02:42","date_gmt":"2019-10-25T15:02:42","guid":{"rendered":"http:\/\/www2.comunitaria.com.br\/?p=37356"},"modified":"2019-10-25T13:02:42","modified_gmt":"2019-10-25T15:02:42","slug":"uniao-frederiquense-passa-a-atender-tambem-pelo-whatsapp","status":"publish","type":"post","link":"https:\/\/www2.comunitaria.com.br\/en\/uniao-frederiquense-passa-a-atender-tambem-pelo-whatsapp\/","title":{"rendered":"Uni\u00e3o Frederiquense passa a atender tamb\u00e9m pelo WhatsApp"},"content":{"rendered":"<p dir=\"ltr\" style=\"text-align: justify;\">O Uni\u00e3o Frederiquense passa a ter um novo canal de comunica\u00e7\u00e3o para atender o torcedor. Agora, o torcedor do Le\u00e3o da Colina tamb\u00e9m poder\u00e1 buscar informa\u00e7\u00f5es sobre mensalidades, formas de associa\u00e7\u00e3o, tamb\u00e9m pelo WhatsApp.&nbsp;<\/p>\n<p dir=\"ltr\" style=\"text-align: justify;\">O n\u00famero permanecer\u00e1 dispon\u00edvel para que os associados tamb\u00e9m possam buscar informa\u00e7\u00f5es quanto ao vencimento das mensalidades e vantagens oferecidas ao s\u00f3cio torcedor.&nbsp;<\/p>\n<p dir=\"ltr\" style=\"text-align: justify;\">&nbsp;Mais informa\u00e7\u00f5es podem ser obtidas no n\u00famero (55) 9-9656-5051.<\/p>","protected":false},"excerpt":{"rendered":"<p>O Uni\u00e3o Frederiquense passa a ter um novo canal de comunica\u00e7\u00e3o para atender o torcedor. Agora, o torcedor do Le\u00e3o da Colina tamb\u00e9m poder\u00e1 buscar informa\u00e7\u00f5es sobre mensalidades, formas de&#8230;<\/p>","protected":false},"author":2,"featured_media":37357,"comment_status":"open","ping_status":"closed","sticky":false,"template":"","format":"standard","meta":{"ngg_post_thumbnail":0,"footnotes":""},"categories":[33],"tags":[],"class_list":["post-37356","post","type-post","status-publish","format-standard","has-post-thumbnail","hentry","category-noticias"],"amp_enabled":true,"_links":{"self":[{"href":"https:\/\/www2.comunitaria.com.br\/en\/wp-json\/wp\/v2\/posts\/37356","targetHints":{"allow":["GET"]}}],"collection":[{"href":"https:\/\/www2.comunitaria.com.br\/en\/wp-json\/wp\/v2\/posts"}],"about":[{"href":"https:\/\/www2.comunitaria.com.br\/en\/wp-json\/wp\/v2\/types\/post"}],"author":[{"embeddable":true,"href":"https:\/\/www2.comunitaria.com.br\/en\/wp-json\/wp\/v2\/users\/2"}],"replies":[{"embeddable":true,"href":"https:\/\/www2.comunitaria.com.br\/en\/wp-json\/wp\/v2\/comments?post=37356"}],"version-history":[{"count":0,"href":"https:\/\/www2.comunitaria.com.br\/en\/wp-json\/wp\/v2\/posts\/37356\/revisions"}],"wp:featuredmedia":[{"embeddable":true,"href":"https:\/\/www2.comunitaria.com.br\/en\/wp-json\/wp\/v2\/media\/37357"}],"wp:attachment":[{"href":"https:\/\/www2.comunitaria.com.br\/en\/wp-json\/wp\/v2\/media?parent=37356"}],"wp:term":[{"taxonomy":"category","embeddable":true,"href":"https:\/\/www2.comunitaria.com.br\/en\/wp-json\/wp\/v2\/categories?post=37356"},{"taxonomy":"post_tag","embeddable":true,"href":"https:\/\/www2.comunitaria.com.br\/en\/wp-json\/wp\/v2\/tags?post=37356"}],"curies":[{"name":"wp","href":"https:\/\/api.w.org\/{rel}","templated":true}]}}