{"id":37280,"date":"2019-10-22T17:03:58","date_gmt":"2019-10-22T19:03:58","guid":{"rendered":"http:\/\/www2.comunitaria.com.br\/?p=37280"},"modified":"2019-10-22T17:03:58","modified_gmt":"2019-10-22T19:03:58","slug":"prefeitura-de-fw-disponibiliza-credito-para-agroindustrias-familiares","status":"publish","type":"post","link":"https:\/\/www2.comunitaria.com.br\/en\/prefeitura-de-fw-disponibiliza-credito-para-agroindustrias-familiares\/","title":{"rendered":"Prefeitura de FW disponibiliza cr\u00e9dito para agroind\u00fastrias familiares"},"content":{"rendered":"<div class=\"descricao rvfs-4\" style=\"text-align: justify;\" data-rvfs=\"4\">Nesta segunda-feira, 22, a Administra\u00e7\u00e3o Municipal contemplou duas agroind\u00fastrias familiares do munic\u00edpio, por meio do Programa Municipal de Desenvolvimento da Agroind\u00fastria Familiar de FW.&nbsp;<\/p>\n<p>O empr\u00e9stimo, no valor de R$ 10 mil, foi concedido \u00e0s empresas Sabores do Vale, localizada na linha Santos Anjos, e Produtos Coimbra, da linha Barra do Braga, para aplica\u00e7\u00e3o em investimentos e custeio.<\/p>\n<p>O objetivo do programa \u00e9 incentivar e legalizar a formaliza\u00e7\u00e3o das agroind\u00fastrias familiares, al\u00e9m de ampliar a produ\u00e7\u00e3o e promover a inclus\u00e3o social da fam\u00edlia rural.&nbsp;<a href=\"https:\/\/www.fredericowestphalen-rs.com.br\/noticia\/1458\/administracao-municipal-oferece-credito-para-agroindustrias-familiares\">Clique aqui<\/a>&nbsp;para ver mais detalhes sobre a solicita\u00e7\u00e3o do incentivo ou entre em contato com a Secretaria Municipal de Agricultura, atrav\u00e9s do telefone (55) 3744-6784.<\/div>\n<div class=\"fonte\" style=\"text-align: justify;\"><em>Fonte: ASCOM<\/em><\/div>","protected":false},"excerpt":{"rendered":"<p>Nesta segunda-feira, 22, a Administra\u00e7\u00e3o Municipal contemplou duas agroind\u00fastrias familiares do munic\u00edpio, por meio do Programa Municipal de Desenvolvimento da Agroind\u00fastria Familiar de FW.&nbsp; O empr\u00e9stimo, no valor de R$&#8230;<\/p>","protected":false},"author":2,"featured_media":37281,"comment_status":"open","ping_status":"closed","sticky":false,"template":"","format":"standard","meta":{"ngg_post_thumbnail":0,"footnotes":""},"categories":[42,28],"tags":[],"class_list":["post-37280","post","type-post","status-publish","format-standard","has-post-thumbnail","hentry","category-fred-west","category-destaque"],"amp_enabled":true,"_links":{"self":[{"href":"https:\/\/www2.comunitaria.com.br\/en\/wp-json\/wp\/v2\/posts\/37280","targetHints":{"allow":["GET"]}}],"collection":[{"href":"https:\/\/www2.comunitaria.com.br\/en\/wp-json\/wp\/v2\/posts"}],"about":[{"href":"https:\/\/www2.comunitaria.com.br\/en\/wp-json\/wp\/v2\/types\/post"}],"author":[{"embeddable":true,"href":"https:\/\/www2.comunitaria.com.br\/en\/wp-json\/wp\/v2\/users\/2"}],"replies":[{"embeddable":true,"href":"https:\/\/www2.comunitaria.com.br\/en\/wp-json\/wp\/v2\/comments?post=37280"}],"version-history":[{"count":0,"href":"https:\/\/www2.comunitaria.com.br\/en\/wp-json\/wp\/v2\/posts\/37280\/revisions"}],"wp:featuredmedia":[{"embeddable":true,"href":"https:\/\/www2.comunitaria.com.br\/en\/wp-json\/wp\/v2\/media\/37281"}],"wp:attachment":[{"href":"https:\/\/www2.comunitaria.com.br\/en\/wp-json\/wp\/v2\/media?parent=37280"}],"wp:term":[{"taxonomy":"category","embeddable":true,"href":"https:\/\/www2.comunitaria.com.br\/en\/wp-json\/wp\/v2\/categories?post=37280"},{"taxonomy":"post_tag","embeddable":true,"href":"https:\/\/www2.comunitaria.com.br\/en\/wp-json\/wp\/v2\/tags?post=37280"}],"curies":[{"name":"wp","href":"https:\/\/api.w.org\/{rel}","templated":true}]}}