{"id":37238,"date":"2019-10-18T17:43:50","date_gmt":"2019-10-18T19:43:50","guid":{"rendered":"http:\/\/www2.comunitaria.com.br\/?p=37238"},"modified":"2019-10-18T17:43:50","modified_gmt":"2019-10-18T19:43:50","slug":"secretaria-de-assistencia-social-repassa-r-20-mil-as-entidades-sociais-de-fw","status":"publish","type":"post","link":"https:\/\/www2.comunitaria.com.br\/en\/secretaria-de-assistencia-social-repassa-r-20-mil-as-entidades-sociais-de-fw\/","title":{"rendered":"Secretaria de Assist\u00eancia Social repassa R$ 20 mil \u00e0s entidades sociais de FW"},"content":{"rendered":"<div class=\"descricao rvfs-4\" data-rvfs=\"4\">\n<div style=\"text-align: justify;\">A Administra\u00e7\u00e3o Municipal por meio da Secretaria de Assist\u00eancia Social e Habita\u00e7\u00e3o (Smash) repassou R$ 20 mil \u00e0s entidades assistenciais do munic\u00edpio. O recurso faz parte da dota\u00e7\u00e3o or\u00e7ament\u00e1ria de subven\u00e7\u00f5es sociais da Smash, e pode ser aplicado na aquisi\u00e7\u00e3o de materiais de consumo e servi\u00e7os pelas organiza\u00e7\u00f5es.<\/p>\n<p>O valor total foi dividido entre quatro entidades, onde cada uma recebeu R$ 5 mil. As entidades Associa\u00e7\u00e3o dos Pais e Amigos dos Excepcionais (Apae), Lar dos Idosos S\u00e3o Vicente de Paulo, Associa\u00e7\u00e3o dos Deficientes F\u00edsicos de FW e Promenor foram escolhidas para receber o recurso atrav\u00e9s de chamamento p\u00fablico realizado com base na Lei Federal 13.019 de 2014, que estabelece o regime jur\u00eddico das parcerias entre a Administra\u00e7\u00e3o P\u00fablica e as organiza\u00e7\u00f5es da sociedade civil.<\/p>\n<p>Segundo a secret\u00e1ria de Assist\u00eancia Social e Habita\u00e7\u00e3o, Carla Veronese, este \u00e9 o terceiro ano consecutivo que a Administra\u00e7\u00e3o repassa recursos \u00e0s entidades. \u201cEste apoio financeiro concedido \u00e0s entidades \u00e9 de extrema import\u00e2ncia, pois al\u00e9m de valorizar o servi\u00e7o prestado por cada uma delas, dentro de suas especificidades, fortalece o trabalho em rede e vem a somar \u00e0s a\u00e7\u00f5es desenvolvidas pelo munic\u00edpio\u201d, frisou.<\/p><\/div>\n<\/div>\n<div class=\"fonte\" style=\"text-align: justify;\"><em>Fonte: ASCOM<\/em><\/div>","protected":false},"excerpt":{"rendered":"<p>A Administra\u00e7\u00e3o Municipal por meio da Secretaria de Assist\u00eancia Social e Habita\u00e7\u00e3o (Smash) repassou R$ 20 mil \u00e0s entidades assistenciais do munic\u00edpio. O recurso faz parte da dota\u00e7\u00e3o or\u00e7ament\u00e1ria de&#8230;<\/p>","protected":false},"author":2,"featured_media":37239,"comment_status":"open","ping_status":"closed","sticky":false,"template":"","format":"standard","meta":{"ngg_post_thumbnail":0,"footnotes":""},"categories":[42,28],"tags":[],"class_list":["post-37238","post","type-post","status-publish","format-standard","has-post-thumbnail","hentry","category-fred-west","category-destaque"],"amp_enabled":true,"_links":{"self":[{"href":"https:\/\/www2.comunitaria.com.br\/en\/wp-json\/wp\/v2\/posts\/37238","targetHints":{"allow":["GET"]}}],"collection":[{"href":"https:\/\/www2.comunitaria.com.br\/en\/wp-json\/wp\/v2\/posts"}],"about":[{"href":"https:\/\/www2.comunitaria.com.br\/en\/wp-json\/wp\/v2\/types\/post"}],"author":[{"embeddable":true,"href":"https:\/\/www2.comunitaria.com.br\/en\/wp-json\/wp\/v2\/users\/2"}],"replies":[{"embeddable":true,"href":"https:\/\/www2.comunitaria.com.br\/en\/wp-json\/wp\/v2\/comments?post=37238"}],"version-history":[{"count":0,"href":"https:\/\/www2.comunitaria.com.br\/en\/wp-json\/wp\/v2\/posts\/37238\/revisions"}],"wp:featuredmedia":[{"embeddable":true,"href":"https:\/\/www2.comunitaria.com.br\/en\/wp-json\/wp\/v2\/media\/37239"}],"wp:attachment":[{"href":"https:\/\/www2.comunitaria.com.br\/en\/wp-json\/wp\/v2\/media?parent=37238"}],"wp:term":[{"taxonomy":"category","embeddable":true,"href":"https:\/\/www2.comunitaria.com.br\/en\/wp-json\/wp\/v2\/categories?post=37238"},{"taxonomy":"post_tag","embeddable":true,"href":"https:\/\/www2.comunitaria.com.br\/en\/wp-json\/wp\/v2\/tags?post=37238"}],"curies":[{"name":"wp","href":"https:\/\/api.w.org\/{rel}","templated":true}]}}