{"id":37138,"date":"2019-10-09T16:35:26","date_gmt":"2019-10-09T18:35:26","guid":{"rendered":"http:\/\/www2.comunitaria.com.br\/?p=37138"},"modified":"2019-10-09T16:35:26","modified_gmt":"2019-10-09T18:35:26","slug":"junior-panosso-assume-como-prefeito-em-exercicio","status":"publish","type":"post","link":"https:\/\/www2.comunitaria.com.br\/en\/junior-panosso-assume-como-prefeito-em-exercicio\/","title":{"rendered":"J\u00fanior Panosso assume como prefeito em exerc\u00edcio"},"content":{"rendered":"<div class=\"descricao rvfs-4\" data-rvfs=\"4\">Nesta ter\u00e7a-feira, 8, o presidente do Poder Legislativo, vereador In\u00e1cio Panosso J\u00fanior (Panossinho) assumiu como prefeito em exerc\u00edcio. J\u00fanior ficar\u00e1 \u00e0 frente do cargo at\u00e9 sexta-feira, 11, devido \u00e0 viagem do prefeito Jos\u00e9 Alberto Panosso a Bras\u00edlia e aus\u00eancia do vice-prefeito Diogo Duarte, por motivos particulares. Com isso, Panossinho se torna o prefeito mais jovem de Frederico Westphalen.<\/div>\n<div>&nbsp;<\/div>\n<div class=\"fonte\">Fonte: Ascom<\/div>","protected":false},"excerpt":{"rendered":"<p>Nesta ter\u00e7a-feira, 8, o presidente do Poder Legislativo, vereador In\u00e1cio Panosso J\u00fanior (Panossinho) assumiu como prefeito em exerc\u00edcio. J\u00fanior ficar\u00e1 \u00e0 frente do cargo at\u00e9 sexta-feira, 11, devido \u00e0 viagem do prefeito Jos\u00e9 Alberto Panosso a Bras\u00edlia e aus\u00eancia do vice-prefeito Diogo Duarte, por motivos particulares. Com isso, Panossinho se torna o prefeito mais jovem<\/p>\n<div class=\"read-more-wrapper\"><a class=\"read-more\" href=\"https:\/\/www2.comunitaria.com.br\/en\/junior-panosso-assume-como-prefeito-em-exercicio\/\" title=\"Read More\"> <span class=\"button\">Read More<\/span><\/a><\/div>","protected":false},"author":2,"featured_media":37139,"comment_status":"open","ping_status":"closed","sticky":false,"template":"","format":"standard","meta":{"ngg_post_thumbnail":0,"footnotes":""},"categories":[42,38],"tags":[],"class_list":["post-37138","post","type-post","status-publish","format-standard","has-post-thumbnail","hentry","category-fred-west","category-politica"],"amp_enabled":true,"_links":{"self":[{"href":"https:\/\/www2.comunitaria.com.br\/en\/wp-json\/wp\/v2\/posts\/37138","targetHints":{"allow":["GET"]}}],"collection":[{"href":"https:\/\/www2.comunitaria.com.br\/en\/wp-json\/wp\/v2\/posts"}],"about":[{"href":"https:\/\/www2.comunitaria.com.br\/en\/wp-json\/wp\/v2\/types\/post"}],"author":[{"embeddable":true,"href":"https:\/\/www2.comunitaria.com.br\/en\/wp-json\/wp\/v2\/users\/2"}],"replies":[{"embeddable":true,"href":"https:\/\/www2.comunitaria.com.br\/en\/wp-json\/wp\/v2\/comments?post=37138"}],"version-history":[{"count":0,"href":"https:\/\/www2.comunitaria.com.br\/en\/wp-json\/wp\/v2\/posts\/37138\/revisions"}],"wp:featuredmedia":[{"embeddable":true,"href":"https:\/\/www2.comunitaria.com.br\/en\/wp-json\/wp\/v2\/media\/37139"}],"wp:attachment":[{"href":"https:\/\/www2.comunitaria.com.br\/en\/wp-json\/wp\/v2\/media?parent=37138"}],"wp:term":[{"taxonomy":"category","embeddable":true,"href":"https:\/\/www2.comunitaria.com.br\/en\/wp-json\/wp\/v2\/categories?post=37138"},{"taxonomy":"post_tag","embeddable":true,"href":"https:\/\/www2.comunitaria.com.br\/en\/wp-json\/wp\/v2\/tags?post=37138"}],"curies":[{"name":"wp","href":"https:\/\/api.w.org\/{rel}","templated":true}]}}