{"id":3711,"date":"2015-05-21T18:32:27","date_gmt":"2015-05-21T20:32:27","guid":{"rendered":"http:\/\/www2.comunitaria.com.br\/?p=3711"},"modified":"2015-05-21T18:32:27","modified_gmt":"2015-05-21T20:32:27","slug":"brigada-militar-prende-dois-foragidos-da-justica","status":"publish","type":"post","link":"https:\/\/www2.comunitaria.com.br\/en\/brigada-militar-prende-dois-foragidos-da-justica\/","title":{"rendered":"Brigada Militar prende dois Foragidos da Justi\u00e7a"},"content":{"rendered":"<p>Durante esta semana foram efetuadas duas pris\u00f5es de foragidos da justi\u00e7a no munic\u00edpio de Frederico Westphalen e Vista Alegre.<\/p>\n<p>Policiais militares do 37\u00ba Batalh\u00e3o de Policia Militar realizaram a pris\u00e3o De um homem de 45 anos em Frederico Westphalen na tarde do dia 18 de Maio (segunda-feira) no bairro Jardim Primavera. <\/p>\n<p>Tamb\u00e9m foi realizada hoje, dia 21 de maio, a pris\u00e3o de um homem de 40 anos na Linha S\u00e3o Judas, interior do munic\u00edpio de Vista Alegre. Ambos foram presos por passagem na justi\u00e7a pelo crime de estupro e os mandado de pris\u00e3o foram expedidos pela Comarca de Frederico Westphalen.<\/p>\n<p>Os presos foram conduzidos ao Pres\u00eddio Estadual de Frederico Westphalen.<\/p>\n\n\t\t<style type=\"text\/css\">\n\t\t\t#gallery-1 {\n\t\t\t\tmargin: auto;\n\t\t\t}\n\t\t\t#gallery-1 .gallery-item {\n\t\t\t\tfloat: left;\n\t\t\t\tmargin-top: 10px;\n\t\t\t\ttext-align: center;\n\t\t\t\twidth: 33%;\n\t\t\t}\n\t\t\t#gallery-1 img {\n\t\t\t\tborder: 2px solid #cfcfcf;\n\t\t\t}\n\t\t\t#gallery-1 .gallery-caption {\n\t\t\t\tmargin-left: 0;\n\t\t\t}\n\t\t\t\/* see gallery_shortcode() in wp-includes\/media.php *\/\n\t\t<\/style>\n\t\t<div id='gallery-1' class='gallery galleryid-3711 gallery-columns-3 gallery-size-thumbnail'><dl class='gallery-item'>\n\t\t\t<dt class='gallery-icon portrait'>\n\t\t\t\t<a href='https:\/\/www2.comunitaria.com.br\/en\/brigada-militar-prende-dois-foragidos-da-justica\/02-7\/'><img loading=\"lazy\" decoding=\"async\" width=\"150\" height=\"150\" src=\"https:\/\/www2.comunitaria.com.br\/wp-content\/uploads\/2015\/05\/021-150x150.jpg\" class=\"attachment-thumbnail size-thumbnail\" alt=\"\" srcset=\"https:\/\/www2.comunitaria.com.br\/wp-content\/uploads\/2015\/05\/021-150x150.jpg 150w, https:\/\/www2.comunitaria.com.br\/wp-content\/uploads\/2015\/05\/021-302x300.jpg 302w, https:\/\/www2.comunitaria.com.br\/wp-content\/uploads\/2015\/05\/021-65x65.jpg 65w\" sizes=\"auto, (max-width: 150px) 100vw, 150px\" \/><\/a>\n\t\t\t<\/dt><\/dl><dl class='gallery-item'>\n\t\t\t<dt class='gallery-icon portrait'>\n\t\t\t\t<a href='https:\/\/www2.comunitaria.com.br\/en\/brigada-militar-prende-dois-foragidos-da-justica\/01-8\/'><img loading=\"lazy\" decoding=\"async\" width=\"150\" height=\"150\" src=\"https:\/\/www2.comunitaria.com.br\/wp-content\/uploads\/2015\/05\/011-150x150.jpg\" class=\"attachment-thumbnail size-thumbnail\" alt=\"\" srcset=\"https:\/\/www2.comunitaria.com.br\/wp-content\/uploads\/2015\/05\/011-150x150.jpg 150w, https:\/\/www2.comunitaria.com.br\/wp-content\/uploads\/2015\/05\/011-65x65.jpg 65w\" sizes=\"auto, (max-width: 150px) 100vw, 150px\" \/><\/a>\n\t\t\t<\/dt><\/dl>\n\t\t\t<br style='clear: both' \/>\n\t\t<\/div>\n\n<p>Comunica\u00e7\u00e3o Social\/37\u00baBPM<\/p>","protected":false},"excerpt":{"rendered":"<p>Durante esta semana foram efetuadas duas pris\u00f5es de foragidos da justi\u00e7a no munic\u00edpio de Frederico Westphalen e Vista Alegre. Policiais militares do 37\u00ba Batalh\u00e3o de Policia Militar realizaram a pris\u00e3o De um homem de 45 anos em Frederico Westphalen na tarde do dia 18 de Maio (segunda-feira) no bairro Jardim Primavera. Tamb\u00e9m foi realizada hoje,<\/p>\n<div class=\"read-more-wrapper\"><a class=\"read-more\" href=\"https:\/\/www2.comunitaria.com.br\/en\/brigada-militar-prende-dois-foragidos-da-justica\/\" title=\"Read More\"> <span class=\"button\">Read More<\/span><\/a><\/div>","protected":false},"author":2,"featured_media":3714,"comment_status":"open","ping_status":"closed","sticky":false,"template":"","format":"standard","meta":{"ngg_post_thumbnail":0,"footnotes":""},"categories":[42,33,36],"tags":[911,630],"class_list":["post-3711","post","type-post","status-publish","format-standard","has-post-thumbnail","hentry","category-fred-west","category-noticias","category-policia","tag-brigada-militar","tag-presos"],"amp_enabled":true,"_links":{"self":[{"href":"https:\/\/www2.comunitaria.com.br\/en\/wp-json\/wp\/v2\/posts\/3711","targetHints":{"allow":["GET"]}}],"collection":[{"href":"https:\/\/www2.comunitaria.com.br\/en\/wp-json\/wp\/v2\/posts"}],"about":[{"href":"https:\/\/www2.comunitaria.com.br\/en\/wp-json\/wp\/v2\/types\/post"}],"author":[{"embeddable":true,"href":"https:\/\/www2.comunitaria.com.br\/en\/wp-json\/wp\/v2\/users\/2"}],"replies":[{"embeddable":true,"href":"https:\/\/www2.comunitaria.com.br\/en\/wp-json\/wp\/v2\/comments?post=3711"}],"version-history":[{"count":0,"href":"https:\/\/www2.comunitaria.com.br\/en\/wp-json\/wp\/v2\/posts\/3711\/revisions"}],"wp:featuredmedia":[{"embeddable":true,"href":"https:\/\/www2.comunitaria.com.br\/en\/wp-json\/wp\/v2\/media\/3714"}],"wp:attachment":[{"href":"https:\/\/www2.comunitaria.com.br\/en\/wp-json\/wp\/v2\/media?parent=3711"}],"wp:term":[{"taxonomy":"category","embeddable":true,"href":"https:\/\/www2.comunitaria.com.br\/en\/wp-json\/wp\/v2\/categories?post=3711"},{"taxonomy":"post_tag","embeddable":true,"href":"https:\/\/www2.comunitaria.com.br\/en\/wp-json\/wp\/v2\/tags?post=3711"}],"curies":[{"name":"wp","href":"https:\/\/api.w.org\/{rel}","templated":true}]}}