{"id":37087,"date":"2019-10-04T17:50:42","date_gmt":"2019-10-04T19:50:42","guid":{"rendered":"http:\/\/www2.comunitaria.com.br\/?p=37087"},"modified":"2019-10-04T17:50:42","modified_gmt":"2019-10-04T19:50:42","slug":"sobe-para-56-numero-de-mortes-por-gripe-no-rs-em-2019","status":"publish","type":"post","link":"https:\/\/www2.comunitaria.com.br\/en\/sobe-para-56-numero-de-mortes-por-gripe-no-rs-em-2019\/","title":{"rendered":"Sobe para 56 n\u00famero de mortes por gripe no RS em 2019"},"content":{"rendered":"<p style=\"text-align: justify;\">Com as mortes de mais seis pacientes, chega a 56 o n\u00famero de \u00f3bitos atribu\u00eddos ao v\u00edrus Influenza no Rio Grande do Sul, em 2019. Conforme a Secretaria Estadual da Sa\u00fade, os casos mais recentes foram registrados nas cidades de Porto Alegre (3), Canoas (1), Torres (1) e Tr\u00eas Cachoeiras (1).<\/p>\n<p style=\"text-align: justify;\">As v\u00edtimas foram tr\u00eas homens e tr\u00eas mulheres, com idades entre 39 e 77 anos. Tr\u00eas deles n\u00e3o haviam sido vacinados e os outros tr\u00eas j\u00e1 haviam tomado a vacina neste ano.<\/p>\n<p style=\"text-align: justify;\">O boletim divulgado nesta semana d\u00e1 conta de 2921 casos de S\u00edndrome Respirat\u00f3ria Aguda Grave, sendo que 382 foram confirmados como Influenza. O subtipo mais comum do v\u00edrus \u00e9 o H1N1, seguido do H2N3 e do Influenza B. H\u00e1, ainda, casos n\u00e3o subtipados da doen\u00e7a.<\/p>\n<p style=\"text-align: justify;\">At\u00e9 o momento, os casos confirmados de Influenza ocorreram em 102 munic\u00edpios ga\u00fachos. A Regi\u00e3o Metropolitana registrou 57,3% do total de casos confirmados e Porto Alegre, sozinha, soma 121 registros da doen\u00e7a e 14 \u00f3bitos em 2019.<\/p>\n<p style=\"text-align: justify;\"><em>Fonte: R\u00e1dio Gua\u00edba<\/em><\/p>","protected":false},"excerpt":{"rendered":"<p>Com as mortes de mais seis pacientes, chega a 56 o n\u00famero de \u00f3bitos atribu\u00eddos ao v\u00edrus Influenza no Rio Grande do Sul, em 2019. Conforme a Secretaria Estadual da&#8230;<\/p>","protected":false},"author":2,"featured_media":37088,"comment_status":"open","ping_status":"closed","sticky":false,"template":"","format":"standard","meta":{"ngg_post_thumbnail":0,"footnotes":""},"categories":[28,37],"tags":[],"class_list":["post-37087","post","type-post","status-publish","format-standard","has-post-thumbnail","hentry","category-destaque","category-saude"],"amp_enabled":true,"_links":{"self":[{"href":"https:\/\/www2.comunitaria.com.br\/en\/wp-json\/wp\/v2\/posts\/37087","targetHints":{"allow":["GET"]}}],"collection":[{"href":"https:\/\/www2.comunitaria.com.br\/en\/wp-json\/wp\/v2\/posts"}],"about":[{"href":"https:\/\/www2.comunitaria.com.br\/en\/wp-json\/wp\/v2\/types\/post"}],"author":[{"embeddable":true,"href":"https:\/\/www2.comunitaria.com.br\/en\/wp-json\/wp\/v2\/users\/2"}],"replies":[{"embeddable":true,"href":"https:\/\/www2.comunitaria.com.br\/en\/wp-json\/wp\/v2\/comments?post=37087"}],"version-history":[{"count":0,"href":"https:\/\/www2.comunitaria.com.br\/en\/wp-json\/wp\/v2\/posts\/37087\/revisions"}],"wp:featuredmedia":[{"embeddable":true,"href":"https:\/\/www2.comunitaria.com.br\/en\/wp-json\/wp\/v2\/media\/37088"}],"wp:attachment":[{"href":"https:\/\/www2.comunitaria.com.br\/en\/wp-json\/wp\/v2\/media?parent=37087"}],"wp:term":[{"taxonomy":"category","embeddable":true,"href":"https:\/\/www2.comunitaria.com.br\/en\/wp-json\/wp\/v2\/categories?post=37087"},{"taxonomy":"post_tag","embeddable":true,"href":"https:\/\/www2.comunitaria.com.br\/en\/wp-json\/wp\/v2\/tags?post=37087"}],"curies":[{"name":"wp","href":"https:\/\/api.w.org\/{rel}","templated":true}]}}