{"id":36993,"date":"2019-09-27T16:23:04","date_gmt":"2019-09-27T18:23:04","guid":{"rendered":"http:\/\/www2.comunitaria.com.br\/?p=36993"},"modified":"2019-09-27T16:26:02","modified_gmt":"2019-09-27T18:26:02","slug":"1o-encontro-do-setembro-amarelo-e-realizado-pela-secretaria-de-saude","status":"publish","type":"post","link":"https:\/\/www2.comunitaria.com.br\/en\/1o-encontro-do-setembro-amarelo-e-realizado-pela-secretaria-de-saude\/","title":{"rendered":"1\u00ba Encontro do Setembro Amarelo \u00e9 realizado pela Secretaria de Sa\u00fade"},"content":{"rendered":"<div class=\"descricao rvfs-4\" style=\"text-align: justify;\" data-rvfs=\"4\">\n<p>A Secretaria Municipal de Sa\u00fade, por meio das equipes da Estrat\u00e9gia Sa\u00fade da Fam\u00edlia (ESF), promoveu nesta quarta-feira, 25, o 1\u00ba Encontro do Setembro Amarelo. O evento foi realizado no audit\u00f3rio da Universidade Regional Integrada do Alto Uruguai e das Miss\u00f5es (URI) &#8211; campus Frederico Westphalen.<\/p>\n<p>Devido aos grandes \u00edndices de suic\u00eddios ocorridos nas \u00e1reas de atua\u00e7\u00e3o dos profissionais da sa\u00fade e seguran\u00e7a p\u00fablica, o objetivo do encontro foi debater sobre a import\u00e2ncia da preven\u00e7\u00e3o do suic\u00eddio e os encaminhamentos dos pacientes, realizados pelos \u00f3rg\u00e3os de sa\u00fade.<\/p>\n<p>O momento foi ministrado pela psic\u00f3loga Cl\u00e1udia Beux da Rosa e pela fisioterapeuta Juliane Martins Teixeira, profissionais que atendem no Centro de Refer\u00eancia em Sa\u00fade do Trabalhador (Cerest) de Palmeira das Miss\u00f5es.<\/p>\n<p>O evento foi destinado \u00e0s equipes das Unidades B\u00e1sicas de Sa\u00fade (UBS), aos alunos dos cursos de Fisioterapia, Psicologia e Enfermagem da URI\/FW, e aos integrantes do Corpo de Bombeiros e da Brigada Militar do munic\u00edpio.<\/p>\n<p>A enfermeira da Secretaria Municipal de Sa\u00fade, L\u00e9a Tomschke destacou a import\u00e2ncia dos profissionais receberem estas orienta\u00e7\u00f5es. \u201c\u00c9 muito relevante para o tratamento, que os sintomas sejam detectados com brevidade, visto que o adoecimento mental acomete n\u00e3o s\u00f3 os pacientes mas tamb\u00e9m os profissionais da \u00e1rea, por isso, \u00e9 importante estar atento os sinais n\u00e3o s\u00f3 dos casos que chegam at\u00e9 a Unidade B\u00e1sica de Sa\u00fade mas, tamb\u00e9m para que eles possam se autoavaliar\u201d, afirma.&nbsp;<\/p>\n<\/div>\n<div style=\"text-align: justify;\" data-rvfs=\"4\">&nbsp;<\/div>\n<div class=\"fonte\" style=\"text-align: justify;\"><em>Fonte: Ascom<\/em><\/div>","protected":false},"excerpt":{"rendered":"<p>A Secretaria Municipal de Sa\u00fade, por meio das equipes da Estrat\u00e9gia Sa\u00fade da Fam\u00edlia (ESF), promoveu nesta quarta-feira, 25, o 1\u00ba Encontro do Setembro Amarelo. O evento foi realizado no&#8230;<\/p>","protected":false},"author":2,"featured_media":36994,"comment_status":"open","ping_status":"closed","sticky":false,"template":"","format":"standard","meta":{"ngg_post_thumbnail":0,"footnotes":""},"categories":[28,37],"tags":[],"class_list":["post-36993","post","type-post","status-publish","format-standard","has-post-thumbnail","hentry","category-destaque","category-saude"],"amp_enabled":true,"_links":{"self":[{"href":"https:\/\/www2.comunitaria.com.br\/en\/wp-json\/wp\/v2\/posts\/36993","targetHints":{"allow":["GET"]}}],"collection":[{"href":"https:\/\/www2.comunitaria.com.br\/en\/wp-json\/wp\/v2\/posts"}],"about":[{"href":"https:\/\/www2.comunitaria.com.br\/en\/wp-json\/wp\/v2\/types\/post"}],"author":[{"embeddable":true,"href":"https:\/\/www2.comunitaria.com.br\/en\/wp-json\/wp\/v2\/users\/2"}],"replies":[{"embeddable":true,"href":"https:\/\/www2.comunitaria.com.br\/en\/wp-json\/wp\/v2\/comments?post=36993"}],"version-history":[{"count":0,"href":"https:\/\/www2.comunitaria.com.br\/en\/wp-json\/wp\/v2\/posts\/36993\/revisions"}],"wp:featuredmedia":[{"embeddable":true,"href":"https:\/\/www2.comunitaria.com.br\/en\/wp-json\/wp\/v2\/media\/36994"}],"wp:attachment":[{"href":"https:\/\/www2.comunitaria.com.br\/en\/wp-json\/wp\/v2\/media?parent=36993"}],"wp:term":[{"taxonomy":"category","embeddable":true,"href":"https:\/\/www2.comunitaria.com.br\/en\/wp-json\/wp\/v2\/categories?post=36993"},{"taxonomy":"post_tag","embeddable":true,"href":"https:\/\/www2.comunitaria.com.br\/en\/wp-json\/wp\/v2\/tags?post=36993"}],"curies":[{"name":"wp","href":"https:\/\/api.w.org\/{rel}","templated":true}]}}