{"id":36899,"date":"2019-09-19T15:56:06","date_gmt":"2019-09-19T17:56:06","guid":{"rendered":"http:\/\/www2.comunitaria.com.br\/?p=36899"},"modified":"2019-09-19T16:21:17","modified_gmt":"2019-09-19T18:21:17","slug":"viagem-segura-da-revolucao-farroupilha-se-estende-de-quinta-ate-domingo","status":"publish","type":"post","link":"https:\/\/www2.comunitaria.com.br\/en\/viagem-segura-da-revolucao-farroupilha-se-estende-de-quinta-ate-domingo\/","title":{"rendered":"&#8220;Viagem Segura da Revolu\u00e7\u00e3o Farroupilha&#8221; se estende de quinta at\u00e9 domingo"},"content":{"rendered":"<p style=\"text-align: justify;\">Preservar vidas, alertar condutores sobre comportamentos que potencializam o risco de acidentes no tr\u00e2nsito, como embriaguez ao volante, excesso de velocidade e ultrapassagens indevidas e n\u00e3o uso do cinto. Com esses objetivos, Pol\u00edcia Rodovi\u00e1ria Federal (PRF), Brigada Militar (BM), Comando Rodovi\u00e1rio da BM (CRBM), DetranRS e Pol\u00edcia Civil estar\u00e3o mobilizados na Viagem Segura da Revolu\u00e7\u00e3o Farroupilha.<\/p>\n<p style=\"text-align: justify;\">A 107\u00aa edi\u00e7\u00e3o da a\u00e7\u00e3o se estende por quatro dias, desde a zero hora desta quinta-feira (19\/9) at\u00e9 a meia-noite de domingo (22\/9), com intensiva na fiscaliza\u00e7\u00e3o. A Viagem Segura Farroupilha coincide com a Semana Nacional de Tr\u00e2nsito e faz parte da programa\u00e7\u00e3o das institui\u00e7\u00f5es parceiras que tamb\u00e9m colaboram na Viagem Segura: \u00f3rg\u00e3os de tr\u00e2nsito municipais (EPTC na capital), ANTT, Dnit, Cetran-RS, Daer, EGR, Famurs, al\u00e9m de representantes da sociedade, como o Lions Club.<\/p>\n<p style=\"text-align: justify;\"><strong>A\u00e7\u00f5es de comunica\u00e7\u00e3o<\/strong><\/p>\n<p style=\"text-align: justify;\">Estar\u00e1 no ar a campanha&nbsp;<em>A escolha \u00e9 sua<\/em>, assinada por institui\u00e7\u00f5es parceiras da Viagem Segura. Com pe\u00e7as para televis\u00e3o, r\u00e1dio e redes sociais, a campanha aborda dois dos comportamentos de risco mais frequentes e nocivos observados na estrada: o excesso de velocidade e a falta de uso do cinto de seguran\u00e7a. A proposta \u00e9 mostrar ao condutor que, al\u00e9m das leis de tr\u00e2nsito, h\u00e1 as leis da f\u00edsica, que, quando desrespeitadas, geram graves consequ\u00eancias.<\/p>\n<p style=\"text-align: justify;\">A Viagem Segura tamb\u00e9m estar\u00e1 presente nos postos policiais da PRF e do CRBM, al\u00e9m de pra\u00e7as de ped\u00e1gio da EGR e da CCR Via Sul, concession\u00e1ria respons\u00e1vel pelos trechos ga\u00fachos das rodovias federais (BR) 101, 290 (freeway), 386 e 448. Ocorre, ainda, a distribui\u00e7\u00e3o do Guia da Viagem Segura, material educativo que traz importantes orienta\u00e7\u00f5es aos condutores sobre seguran\u00e7a nas rodovias.<\/p>\n<p style=\"text-align: justify;\">A diretora institucional do DetranRS, Diza Gonzaga, apresentou o material aos representantes dos \u00f3rg\u00e3o parceiros, durante a reuni\u00e3o preparat\u00f3ria da Viagem Segura Farroupilha, ocorrida na tarde da segunda-feira (16\/9), na Secretaria da Seguran\u00e7a P\u00fablica (SSP), em Porto Alegre. \u201cEstaremos trabalhando para todo mundo voltar pra casa em seguran\u00e7a. Nosso compromisso \u00e9 com a vida e a consci\u00eancia de todos \u00e9 a garantia de termos um tr\u00e2nsito mais humano, fraterno e menos violento\u201d, afirmou.<\/p>\n<p style=\"text-align: justify;\"><strong>N\u00fameros<\/strong><\/p>\n<p style=\"text-align: justify;\">O DetranRS tamb\u00e9m apresentou dados de acidentalidade com foco no planejamento das a\u00e7\u00f5es de fiscaliza\u00e7\u00e3o do feriad\u00e3o Farroupilha. Silv\u00e9rio Kist, chefe da assessoria t\u00e9cnica da autarquia, trouxe informa\u00e7\u00f5es sobre os acidentes entre 2007 e 2018, que mostram que o 20 de setembro tem uma m\u00e9dia de 6,24 \u00f3bitos por dia, o que corresponde a uma morte a cada 3 horas e 51 minutos, aproximadamente. No ano passado ocorreram 20 acidentes fatais, que resultaram em 21 mortes em cinco dias.<\/p>\n<p style=\"text-align: justify;\">A an\u00e1lise da data nos \u00faltimos 12 anos aponta um pico de acidentalidade fatal em 2011, quando morreram 35 pessoas em cinco dias. A menor m\u00e9dia hist\u00f3rica foi em 2007 (tr\u00eas mortes\/dia), e a maior em 2014 (m\u00e9dia de nove mortes\/dia). De 2007 a 2018, 287 vidas foram perdidas nos feriados de Revolu\u00e7\u00e3o Farroupilha.<\/p>\n<p><em>Fonte: Portal do Estado do Rio Grande do Sul<\/em><\/p>","protected":false},"excerpt":{"rendered":"<p>Preservar vidas, alertar condutores sobre comportamentos que potencializam o risco de acidentes no tr\u00e2nsito, como embriaguez ao volante, excesso de velocidade e ultrapassagens indevidas e n\u00e3o uso do cinto. Com&#8230;<\/p>","protected":false},"author":2,"featured_media":36900,"comment_status":"open","ping_status":"closed","sticky":false,"template":"","format":"standard","meta":{"ngg_post_thumbnail":0,"footnotes":""},"categories":[28,3598],"tags":[],"class_list":["post-36899","post","type-post","status-publish","format-standard","has-post-thumbnail","hentry","category-destaque","category-transito"],"amp_enabled":true,"_links":{"self":[{"href":"https:\/\/www2.comunitaria.com.br\/en\/wp-json\/wp\/v2\/posts\/36899","targetHints":{"allow":["GET"]}}],"collection":[{"href":"https:\/\/www2.comunitaria.com.br\/en\/wp-json\/wp\/v2\/posts"}],"about":[{"href":"https:\/\/www2.comunitaria.com.br\/en\/wp-json\/wp\/v2\/types\/post"}],"author":[{"embeddable":true,"href":"https:\/\/www2.comunitaria.com.br\/en\/wp-json\/wp\/v2\/users\/2"}],"replies":[{"embeddable":true,"href":"https:\/\/www2.comunitaria.com.br\/en\/wp-json\/wp\/v2\/comments?post=36899"}],"version-history":[{"count":0,"href":"https:\/\/www2.comunitaria.com.br\/en\/wp-json\/wp\/v2\/posts\/36899\/revisions"}],"wp:featuredmedia":[{"embeddable":true,"href":"https:\/\/www2.comunitaria.com.br\/en\/wp-json\/wp\/v2\/media\/36900"}],"wp:attachment":[{"href":"https:\/\/www2.comunitaria.com.br\/en\/wp-json\/wp\/v2\/media?parent=36899"}],"wp:term":[{"taxonomy":"category","embeddable":true,"href":"https:\/\/www2.comunitaria.com.br\/en\/wp-json\/wp\/v2\/categories?post=36899"},{"taxonomy":"post_tag","embeddable":true,"href":"https:\/\/www2.comunitaria.com.br\/en\/wp-json\/wp\/v2\/tags?post=36899"}],"curies":[{"name":"wp","href":"https:\/\/api.w.org\/{rel}","templated":true}]}}