{"id":36884,"date":"2019-09-18T10:30:43","date_gmt":"2019-09-18T12:30:43","guid":{"rendered":"http:\/\/www2.comunitaria.com.br\/?p=36884"},"modified":"2019-09-18T10:30:43","modified_gmt":"2019-09-18T12:30:43","slug":"7a-edicao-do-canto-do-barril-da-inicio","status":"publish","type":"post","link":"https:\/\/www2.comunitaria.com.br\/en\/7a-edicao-do-canto-do-barril-da-inicio\/","title":{"rendered":"7\u00aa edi\u00e7\u00e3o do Canto do Barril d\u00e1 inicio"},"content":{"rendered":"<p style=\"text-align: justify;\">Em comemora\u00e7\u00f5es a semana farroupilha, o 7\u00ba canto do barril deu in\u00edcio nesta \u00faltima ter\u00e7a feira, dia 17, na pra\u00e7a da matriz. Ap\u00f3s uma fase eliminat\u00f3ria que contou com mais de 100 inscritos em seis categorias distintas, apenas quarenta m\u00fasicos classificaram-se para a disputa dos pr\u00eamios. Nesse ano, o evento est\u00e1 com o pr\u00eamio total de 10 mil reais.<\/p>\n<p style=\"text-align: justify;\">A fase final acontece hoje, dia 18, e segundo um dos organizadores, Edson Borba, a competi\u00e7\u00e3o promete ser dif\u00edcil para os ju\u00edzes, que v\u00e3o avaliar um n\u00edvel alt\u00edssimo das interpreta\u00e7\u00f5es dos m\u00fasicos. Ele tamb\u00e9m falou sobre a expectativa e sobre a organiza\u00e7\u00e3o do evento:<\/p>\n<!--[if lt IE 9]><script>document.createElement('audio');<\/script><![endif]-->\n<audio class=\"wp-audio-shortcode\" id=\"audio-36884-1\" preload=\"none\" style=\"width: 100%;\" controls=\"controls\"><source type=\"audio\/mpeg\" src=\"http:\/\/www2.comunitaria.com.br\/wp-content\/uploads\/2019\/09\/Gio-CANTO.m4a?_=1\" \/><a href=\"http:\/\/www2.comunitaria.com.br\/wp-content\/uploads\/2019\/09\/Gio-CANTO.m4a\">http:\/\/www2.comunitaria.com.br\/wp-content\/uploads\/2019\/09\/Gio-CANTO.m4a<\/a><\/audio>","protected":false},"excerpt":{"rendered":"<p>Em comemora\u00e7\u00f5es a semana farroupilha, o 7\u00ba canto do barril deu in\u00edcio nesta \u00faltima ter\u00e7a feira, dia 17, na pra\u00e7a da matriz. Ap\u00f3s uma fase eliminat\u00f3ria que contou com mais de 100 inscritos em seis categorias distintas, apenas quarenta m\u00fasicos classificaram-se para a disputa dos pr\u00eamios. Nesse ano, o evento est\u00e1 com o pr\u00eamio total<\/p>\n<div class=\"read-more-wrapper\"><a class=\"read-more\" href=\"https:\/\/www2.comunitaria.com.br\/en\/7a-edicao-do-canto-do-barril-da-inicio\/\" title=\"Read More\"> <span class=\"button\">Read More<\/span><\/a><\/div>","protected":false},"author":2,"featured_media":36886,"comment_status":"open","ping_status":"closed","sticky":false,"template":"","format":"standard","meta":{"ngg_post_thumbnail":0,"footnotes":""},"categories":[3593,42],"tags":[3189],"class_list":["post-36884","post","type-post","status-publish","format-standard","has-post-thumbnail","hentry","category-cultura","category-fred-west","tag-canto-do-barril"],"amp_enabled":true,"_links":{"self":[{"href":"https:\/\/www2.comunitaria.com.br\/en\/wp-json\/wp\/v2\/posts\/36884","targetHints":{"allow":["GET"]}}],"collection":[{"href":"https:\/\/www2.comunitaria.com.br\/en\/wp-json\/wp\/v2\/posts"}],"about":[{"href":"https:\/\/www2.comunitaria.com.br\/en\/wp-json\/wp\/v2\/types\/post"}],"author":[{"embeddable":true,"href":"https:\/\/www2.comunitaria.com.br\/en\/wp-json\/wp\/v2\/users\/2"}],"replies":[{"embeddable":true,"href":"https:\/\/www2.comunitaria.com.br\/en\/wp-json\/wp\/v2\/comments?post=36884"}],"version-history":[{"count":0,"href":"https:\/\/www2.comunitaria.com.br\/en\/wp-json\/wp\/v2\/posts\/36884\/revisions"}],"wp:featuredmedia":[{"embeddable":true,"href":"https:\/\/www2.comunitaria.com.br\/en\/wp-json\/wp\/v2\/media\/36886"}],"wp:attachment":[{"href":"https:\/\/www2.comunitaria.com.br\/en\/wp-json\/wp\/v2\/media?parent=36884"}],"wp:term":[{"taxonomy":"category","embeddable":true,"href":"https:\/\/www2.comunitaria.com.br\/en\/wp-json\/wp\/v2\/categories?post=36884"},{"taxonomy":"post_tag","embeddable":true,"href":"https:\/\/www2.comunitaria.com.br\/en\/wp-json\/wp\/v2\/tags?post=36884"}],"curies":[{"name":"wp","href":"https:\/\/api.w.org\/{rel}","templated":true}]}}