{"id":36859,"date":"2019-09-17T12:54:06","date_gmt":"2019-09-17T14:54:06","guid":{"rendered":"http:\/\/www2.comunitaria.com.br\/?p=36859"},"modified":"2019-09-17T15:26:42","modified_gmt":"2019-09-17T17:26:42","slug":"divulgacao-da-expofred-2020","status":"publish","type":"post","link":"https:\/\/www2.comunitaria.com.br\/en\/divulgacao-da-expofred-2020\/","title":{"rendered":"Expofred 2020 \u00e9 lan\u00e7ada oficialmente"},"content":{"rendered":"<p style=\"text-align: justify;\">Durante essa manh\u00e3, 17, aconteceu o lan\u00e7amento oficial da Expofred 2020, com seu Slogan \u201cPara neg\u00f3cios! Para Voc\u00ea!\u201d com a miss\u00e3o de alcan\u00e7ar o desenvolvimento econ\u00f4mico e social da cidade de Frederico Westphalen e regi\u00e3o, atrav\u00e9s da agricultura familiar, agroneg\u00f3cio, com\u00e9rcio, ind\u00fastria, servi\u00e7os, cultura e entretenimento.<\/p>\n<p style=\"text-align: justify;\">As atra\u00e7\u00f5es tradicionais ter\u00e3o&nbsp; seu espa\u00e7o garantido, como a mostra de animais, eventos paralelos e oportunidades de neg\u00f3cios. Durante o evento tamb\u00e9m foi apresentada a Comiss\u00e3o Central da Expofred 2020, sendo formado por grupo de pessoas volunt\u00e1rias que conduzir\u00e3o esfor\u00e7os para a realiza\u00e7\u00e3o a feira. S\u00e3o eles:<\/p>\n<p style=\"text-align: justify;\">Marcos Antonio Lima \u2013 Presidente<\/p>\n<p style=\"text-align: justify;\">Jamil Jos\u00e9 Mezzalira \u2013 1\u00b0 Vice-presidente e Coordenador Geral da Feira<\/p>\n<p style=\"text-align: justify;\">Yuri Vendruscolo de Souza \u2013 2\u00b0 Vice-presidente<\/p>\n<p style=\"text-align: justify;\">Matheus Panosso \u2013 1\u00b0 Tesoureiro<\/p>\n<p style=\"text-align: justify;\">Adilson Zeni j\u00fanior \u2013 2\u00b0 Tesoureiro<\/p>\n<p style=\"text-align: justify;\">Liziani Lemos Brondani \u2013 Secret\u00e1ria executiva<\/p>\n<p style=\"text-align: justify;\">Jaime Jos\u00e9 Vitalli &#8211; 1\u00b0 Secret\u00e1rio<\/p>\n<p style=\"text-align: justify;\">Paulo Ricardo Lima \u2013 1\u00b0 Secret\u00e1rio<\/p>\n<p style=\"text-align: justify;\">Patricia Cerutti- Coordenadora de Comunica\u00e7\u00e3o e Marketing<\/p>\n<p style=\"text-align: justify;\">Cleber Cerutti &#8211; Coordenador de infraestrutura<\/p>\n<p style=\"text-align: justify;\">Denise Sarturi &#8211; Coordenadora do Departamento Comercial.<\/p>\n<p style=\"text-align: justify;\">Tamb\u00e9m foi divulgado os artistas que estar\u00e3o no palco da Expofred, Matheus e Kauan, ir\u00e1 se apresentar no dia 29 de abril, Marcos e Belutti, no dia 30 de abril,&nbsp; Dinho Ouro Preto (Capital Inicial), no dia 30 de abril, Zez\u00e9 Di Camargo e Luciano, no dia 1\u00b0 de maio e Felipe Ara\u00fajo, no dia 2 de maio.<\/p>\n<p style=\"text-align: justify;\">O Presidente da feira, Marcos Antonio Lima, falou sobre as expectativas da Expofred e as novidades da pr\u00f3xima feira:<\/p>\n<!--[if lt IE 9]><script>document.createElement('audio');<\/script><![endif]-->\n<audio class=\"wp-audio-shortcode\" id=\"audio-36859-1\" preload=\"none\" style=\"width: 100%;\" controls=\"controls\"><source type=\"audio\/mpeg\" src=\"http:\/\/www2.comunitaria.com.br\/wp-content\/uploads\/2019\/09\/marcos-lima-1.mp3?_=1\" \/><a href=\"http:\/\/www2.comunitaria.com.br\/wp-content\/uploads\/2019\/09\/marcos-lima-1.mp3\">http:\/\/www2.comunitaria.com.br\/wp-content\/uploads\/2019\/09\/marcos-lima-1.mp3<\/a><\/audio>\n<p style=\"text-align: justify;\">O Prefeito, Jos\u00e9 Alberto Panosso, fala sofre a import\u00e2ncia da feira para na cidade de Frederico Westphalen:<\/p>\n<audio class=\"wp-audio-shortcode\" id=\"audio-36859-2\" preload=\"none\" style=\"width: 100%;\" controls=\"controls\"><source type=\"audio\/mpeg\" src=\"http:\/\/www2.comunitaria.com.br\/wp-content\/uploads\/2019\/09\/panosso-fred.mp3?_=2\" \/><a href=\"http:\/\/www2.comunitaria.com.br\/wp-content\/uploads\/2019\/09\/panosso-fred.mp3\">http:\/\/www2.comunitaria.com.br\/wp-content\/uploads\/2019\/09\/panosso-fred.mp3<\/a><\/audio>\n<p style=\"text-align: justify;\">&nbsp;<\/p>","protected":false},"excerpt":{"rendered":"<p>Durante essa manh\u00e3, 17, aconteceu o lan\u00e7amento oficial da Expofred 2020, com seu Slogan \u201cPara neg\u00f3cios! Para Voc\u00ea!\u201d com a miss\u00e3o de alcan\u00e7ar o desenvolvimento econ\u00f4mico e social da cidade de Frederico Westphalen e regi\u00e3o, atrav\u00e9s da agricultura familiar, agroneg\u00f3cio, com\u00e9rcio, ind\u00fastria, servi\u00e7os, cultura e entretenimento. As atra\u00e7\u00f5es tradicionais ter\u00e3o&nbsp; seu espa\u00e7o garantido, como a<\/p>\n<div class=\"read-more-wrapper\"><a class=\"read-more\" href=\"https:\/\/www2.comunitaria.com.br\/en\/divulgacao-da-expofred-2020\/\" title=\"Read More\"> <span class=\"button\">Read More<\/span><\/a><\/div>","protected":false},"author":2,"featured_media":36862,"comment_status":"open","ping_status":"closed","sticky":false,"template":"","format":"standard","meta":{"ngg_post_thumbnail":0,"footnotes":""},"categories":[51,3593,993,42,28,33],"tags":[],"class_list":["post-36859","post","type-post","status-publish","format-standard","has-post-thumbnail","hentry","category-audio","category-cultura","category-entrevista","category-fred-west","category-destaque","category-noticias"],"amp_enabled":true,"_links":{"self":[{"href":"https:\/\/www2.comunitaria.com.br\/en\/wp-json\/wp\/v2\/posts\/36859","targetHints":{"allow":["GET"]}}],"collection":[{"href":"https:\/\/www2.comunitaria.com.br\/en\/wp-json\/wp\/v2\/posts"}],"about":[{"href":"https:\/\/www2.comunitaria.com.br\/en\/wp-json\/wp\/v2\/types\/post"}],"author":[{"embeddable":true,"href":"https:\/\/www2.comunitaria.com.br\/en\/wp-json\/wp\/v2\/users\/2"}],"replies":[{"embeddable":true,"href":"https:\/\/www2.comunitaria.com.br\/en\/wp-json\/wp\/v2\/comments?post=36859"}],"version-history":[{"count":0,"href":"https:\/\/www2.comunitaria.com.br\/en\/wp-json\/wp\/v2\/posts\/36859\/revisions"}],"wp:featuredmedia":[{"embeddable":true,"href":"https:\/\/www2.comunitaria.com.br\/en\/wp-json\/wp\/v2\/media\/36862"}],"wp:attachment":[{"href":"https:\/\/www2.comunitaria.com.br\/en\/wp-json\/wp\/v2\/media?parent=36859"}],"wp:term":[{"taxonomy":"category","embeddable":true,"href":"https:\/\/www2.comunitaria.com.br\/en\/wp-json\/wp\/v2\/categories?post=36859"},{"taxonomy":"post_tag","embeddable":true,"href":"https:\/\/www2.comunitaria.com.br\/en\/wp-json\/wp\/v2\/tags?post=36859"}],"curies":[{"name":"wp","href":"https:\/\/api.w.org\/{rel}","templated":true}]}}