{"id":36661,"date":"2019-09-03T11:52:46","date_gmt":"2019-09-03T13:52:46","guid":{"rendered":"http:\/\/www2.comunitaria.com.br\/?p=36661"},"modified":"2019-09-03T11:52:46","modified_gmt":"2019-09-03T13:52:46","slug":"conta-de-luz-tera-bandeira-vermelha-em-setembro","status":"publish","type":"post","link":"https:\/\/www2.comunitaria.com.br\/en\/conta-de-luz-tera-bandeira-vermelha-em-setembro\/","title":{"rendered":"Conta de luz ter\u00e1 bandeira vermelha em setembro"},"content":{"rendered":"<p style=\"text-align: justify;\">Ag\u00eancia Nacional de Energia El\u00e9trica (Aneel) anunciou a manuten\u00e7\u00e3o da bandeira tarif\u00e1ria&nbsp;vermelha&nbsp;em seu primeiro patamar no m\u00eas de setembro. Com isso, as contas de luz continuam com taxa extra de R$ 4,00 a cada 100 quilowatts-hora consumidos (kWh). Essa \u00e9 a bandeira tarif\u00e1ria em vigor desde o in\u00edcio de agosto.<\/p>\n<p style=\"text-align: justify;\">\u201cA previs\u00e3o hidrol\u00f3gica para o m\u00eas sinaliza perman\u00eancia do quadro de estiagem, com vaz\u00f5es abaixo da&nbsp;m\u00e9dia hist\u00f3rica. Esse cen\u00e1rio requer a manuten\u00e7\u00e3o de parcela relevante da oferta de energia sendo atendida por meio de acionamento do parque termel\u00e9trico, influenciando o valor do pre\u00e7o da energia e sua repercuss\u00e3o sobre os custos relacionados ao risco hidrol\u00f3gico\u201d, diz a Aneel.<\/p>\n<p style=\"text-align: justify;\">No sistema de bandeiras tarif\u00e1rias, em vigor desde 2015, a cor verde n\u00e3o tem cobran\u00e7a de taxa extra, indicando condi\u00e7\u00f5es favor\u00e1veis de gera\u00e7\u00e3o de energia no Pa\u00eds. Na bandeira amarela, com condi\u00e7\u00f5es menos favor\u00e1veis, a taxa extra \u00e9 de R$ 1,50 a cada 100 kWh consumidos. A bandeira vermelha pode ser acionada em um dos dois n\u00edveis cobrados. No primeiro n\u00edvel, o adicional \u00e9 de R$ 4 a cada 100 kWh. No segundo n\u00edvel, a cobran\u00e7a extra \u00e9 de R$ 6 a cada 100 kWh.<\/p>\n<p style=\"text-align: justify;\">As bandeiras tarif\u00e1rias indicam o custo da energia gerada para possibilitar o uso consciente de&nbsp;energia.&nbsp;Antes do sistema, o custo da energia era repassado \u00e0s tarifas no reajuste anual de cada empresa, e tinha a incid\u00eancia da taxa b\u00e1sica de juros. A bandeira tarif\u00e1ria que vai vigorar em outubro ser\u00e1 divulgada pela Aneel no dia 27 de setembro.<\/p>\n<p style=\"text-align: justify;\">No sistema de bandeiras tarif\u00e1rias, em vigor desde 2015, a cor verde n\u00e3o tem cobran\u00e7a de taxa extra, indicando condi\u00e7\u00f5es favor\u00e1veis de gera\u00e7\u00e3o de&nbsp;energia&nbsp;no Pa\u00eds. Na bandeira amarela, com condi\u00e7\u00f5es menos favor\u00e1veis, a taxa extra \u00e9 de R$ 1,50 a cada 100 kWh consumidos. A bandeira vermelha pode ser acionada em um dos dois n\u00edveis cobrados. No primeiro n\u00edvel, o adicional \u00e9 de R$ 4 a cada 100 kWh. No segundo n\u00edvel, a cobran\u00e7a extra \u00e9 de R$ 6 a cada 100 kWh.<\/p>\n<p style=\"text-align: justify;\">As bandeiras tarif\u00e1rias indicam o custo da energia gerada para possibilitar o uso consciente de energia. Antes do sistema, o custo da energia era repassado \u00e0s tarifas no reajuste anual de cada empresa, e tinha a incid\u00eancia da taxa b\u00e1sica de juros. A bandeira tarif\u00e1ria que vai vigorar em outubro ser\u00e1 divulgada pela Aneel no dia 27 de setembro.<\/p>","protected":false},"excerpt":{"rendered":"<p>Ag\u00eancia Nacional de Energia El\u00e9trica (Aneel) anunciou a manuten\u00e7\u00e3o da bandeira tarif\u00e1ria&nbsp;vermelha&nbsp;em seu primeiro patamar no m\u00eas de setembro. Com isso, as contas de luz continuam com taxa extra de R$ 4,00 a cada 100 quilowatts-hora consumidos (kWh). Essa \u00e9 a bandeira tarif\u00e1ria em vigor desde o in\u00edcio de agosto. \u201cA previs\u00e3o hidrol\u00f3gica para o<\/p>\n<div class=\"read-more-wrapper\"><a class=\"read-more\" href=\"https:\/\/www2.comunitaria.com.br\/en\/conta-de-luz-tera-bandeira-vermelha-em-setembro\/\" title=\"Read More\"> <span class=\"button\">Read More<\/span><\/a><\/div>","protected":false},"author":2,"featured_media":36662,"comment_status":"open","ping_status":"closed","sticky":false,"template":"","format":"standard","meta":{"ngg_post_thumbnail":0,"footnotes":""},"categories":[28,33],"tags":[],"class_list":["post-36661","post","type-post","status-publish","format-standard","has-post-thumbnail","hentry","category-destaque","category-noticias"],"amp_enabled":true,"_links":{"self":[{"href":"https:\/\/www2.comunitaria.com.br\/en\/wp-json\/wp\/v2\/posts\/36661","targetHints":{"allow":["GET"]}}],"collection":[{"href":"https:\/\/www2.comunitaria.com.br\/en\/wp-json\/wp\/v2\/posts"}],"about":[{"href":"https:\/\/www2.comunitaria.com.br\/en\/wp-json\/wp\/v2\/types\/post"}],"author":[{"embeddable":true,"href":"https:\/\/www2.comunitaria.com.br\/en\/wp-json\/wp\/v2\/users\/2"}],"replies":[{"embeddable":true,"href":"https:\/\/www2.comunitaria.com.br\/en\/wp-json\/wp\/v2\/comments?post=36661"}],"version-history":[{"count":0,"href":"https:\/\/www2.comunitaria.com.br\/en\/wp-json\/wp\/v2\/posts\/36661\/revisions"}],"wp:featuredmedia":[{"embeddable":true,"href":"https:\/\/www2.comunitaria.com.br\/en\/wp-json\/wp\/v2\/media\/36662"}],"wp:attachment":[{"href":"https:\/\/www2.comunitaria.com.br\/en\/wp-json\/wp\/v2\/media?parent=36661"}],"wp:term":[{"taxonomy":"category","embeddable":true,"href":"https:\/\/www2.comunitaria.com.br\/en\/wp-json\/wp\/v2\/categories?post=36661"},{"taxonomy":"post_tag","embeddable":true,"href":"https:\/\/www2.comunitaria.com.br\/en\/wp-json\/wp\/v2\/tags?post=36661"}],"curies":[{"name":"wp","href":"https:\/\/api.w.org\/{rel}","templated":true}]}}