{"id":36598,"date":"2019-08-22T12:49:43","date_gmt":"2019-08-22T14:49:43","guid":{"rendered":"http:\/\/www2.comunitaria.com.br\/?p=36598"},"modified":"2019-08-22T15:50:52","modified_gmt":"2019-08-22T17:50:52","slug":"indicativo-de-greve-e-aprovado-por-professores-da-ufsm","status":"publish","type":"post","link":"https:\/\/www2.comunitaria.com.br\/en\/indicativo-de-greve-e-aprovado-por-professores-da-ufsm\/","title":{"rendered":"Indicativo de greve \u00e9 aprovado por professores da UFSM"},"content":{"rendered":"<p>Professores do campus da Universidade Federal de Santa Maria (UFSM) em Frederico Westphalen aprovaram, por unanimidade, indicativo de greve. Decis\u00e3o ocorreu&nbsp; em assembleia realizada nesta quinta-feira, 22.<\/p>\n<p>As tr\u00eas principais reivindica\u00e7\u00f5es s\u00e3o o descontingenciamento imediato das verbas da universidade, a rejei\u00e7\u00e3o integral do projeto \u2018Future-se\u2019 e o atendimento, por parte do governo, da pauta de reivindica\u00e7\u00f5es dos docentes das Institui\u00e7\u00f5es Federais de Ensino Superior (IFES), aprovada no \u00faltimo Congresso do ANDES-SN e protocolada no in\u00edcio deste ano no Minist\u00e9rio da Economia.<\/p>\n<p>O representante da diretoria da Se\u00e7\u00e3o Sindical dos Docentes da UFSM <em>(<\/em>Sedufsm), Carlos Pires conversou com a reportagem da R\u00e1dio Comunit\u00e1ria e explicou os principais portos que levaram a categoria a tomar a decis\u00e3o:&nbsp;<\/p>\n<audio class=\"wp-audio-shortcode\" id=\"audio-36598-1\" preload=\"none\" style=\"width: 100%;\" controls=\"controls\"><source type=\"audio\/mpeg\" src=\"http:\/\/www2.comunitaria.com.br\/wp-content\/uploads\/2019\/08\/CARLOS-PIRES.mp3?_=1\" \/><a href=\"http:\/\/www2.comunitaria.com.br\/wp-content\/uploads\/2019\/08\/CARLOS-PIRES.mp3\">http:\/\/www2.comunitaria.com.br\/wp-content\/uploads\/2019\/08\/CARLOS-PIRES.mp3<\/a><\/audio>\n<p>Em caso de greve, a ideia, segundo defenderam os presentes \u00e0 assembleia, \u00e9 construir uma agenda de debates que inclua n\u00e3o apenas a comunidade universit\u00e1ria, mas toda a popula\u00e7\u00e3o de Santa Maria e regi\u00e3o, visto o papel central cumprido pela UFSM. Outro eixo bastante destacado nas interven\u00e7\u00f5es foi o di\u00e1logo com os\/as conselheiros\/as da universidade, a fim de que, a exemplo dos Conselhos Universit\u00e1rios da UFPel e da UFRJ (e de outras oito universidades brasileiras), rejeitem o \u2018Future-se\u2019 quando este for colocado em pauta.<\/p>","protected":false},"excerpt":{"rendered":"<p>Professores do campus da Universidade Federal de Santa Maria (UFSM) em Frederico Westphalen aprovaram, por unanimidade, indicativo de greve. Decis\u00e3o ocorreu&nbsp; em assembleia realizada nesta quinta-feira, 22. As tr\u00eas principais&#8230;<\/p>","protected":false},"author":2,"featured_media":34938,"comment_status":"open","ping_status":"closed","sticky":false,"template":"","format":"standard","meta":{"ngg_post_thumbnail":0,"footnotes":""},"categories":[28,33],"tags":[],"class_list":["post-36598","post","type-post","status-publish","format-standard","has-post-thumbnail","hentry","category-destaque","category-noticias"],"amp_enabled":true,"_links":{"self":[{"href":"https:\/\/www2.comunitaria.com.br\/en\/wp-json\/wp\/v2\/posts\/36598","targetHints":{"allow":["GET"]}}],"collection":[{"href":"https:\/\/www2.comunitaria.com.br\/en\/wp-json\/wp\/v2\/posts"}],"about":[{"href":"https:\/\/www2.comunitaria.com.br\/en\/wp-json\/wp\/v2\/types\/post"}],"author":[{"embeddable":true,"href":"https:\/\/www2.comunitaria.com.br\/en\/wp-json\/wp\/v2\/users\/2"}],"replies":[{"embeddable":true,"href":"https:\/\/www2.comunitaria.com.br\/en\/wp-json\/wp\/v2\/comments?post=36598"}],"version-history":[{"count":0,"href":"https:\/\/www2.comunitaria.com.br\/en\/wp-json\/wp\/v2\/posts\/36598\/revisions"}],"wp:featuredmedia":[{"embeddable":true,"href":"https:\/\/www2.comunitaria.com.br\/en\/wp-json\/wp\/v2\/media\/34938"}],"wp:attachment":[{"href":"https:\/\/www2.comunitaria.com.br\/en\/wp-json\/wp\/v2\/media?parent=36598"}],"wp:term":[{"taxonomy":"category","embeddable":true,"href":"https:\/\/www2.comunitaria.com.br\/en\/wp-json\/wp\/v2\/categories?post=36598"},{"taxonomy":"post_tag","embeddable":true,"href":"https:\/\/www2.comunitaria.com.br\/en\/wp-json\/wp\/v2\/tags?post=36598"}],"curies":[{"name":"wp","href":"https:\/\/api.w.org\/{rel}","templated":true}]}}