{"id":36582,"date":"2019-08-19T12:31:36","date_gmt":"2019-08-19T14:31:36","guid":{"rendered":"http:\/\/www2.comunitaria.com.br\/?p=36582"},"modified":"2019-08-19T12:31:36","modified_gmt":"2019-08-19T14:31:36","slug":"bpc-beneficiarios-devem-realizar-o-cadastro-unico","status":"publish","type":"post","link":"https:\/\/www2.comunitaria.com.br\/en\/bpc-beneficiarios-devem-realizar-o-cadastro-unico\/","title":{"rendered":"BPC: Benefici\u00e1rios devem realizar o Cadastro \u00danico"},"content":{"rendered":"<p style=\"text-align: justify;\">A Secretaria Municipal de Assist\u00eancia Social e Habita\u00e7\u00e3o informa, por meio do Centro de Refer\u00eancia em Assist\u00eancia Social (Cras), que cerca de 100 pessoas devem realizar o Cadastro \u00danico, para seguir recebendo o Benef\u00edcio de Presta\u00e7\u00e3o Continuada (BPC). O registro \u00e9 obrigat\u00f3rio e, quem n\u00e3o fizer, pode ter o benef\u00edcio suspenso.<\/p>\n<p style=\"text-align: justify;\">Os benefici\u00e1rios precisam realizar a atualiza\u00e7\u00e3o dos dados at\u00e9 o dia anterior a data de anivers\u00e1rio, conforme solicitado pelo Minist\u00e9rio da Cidadania. Para isso \u00e9 necess\u00e1rio ter em m\u00e3os o Cadastro de Pessoa F\u00edsica (CPF) e o comprovante de resid\u00eancia para o cadastramento. A inscri\u00e7\u00e3o tamb\u00e9m pode ser feita pelo respons\u00e1vel familiar, contanto que leve os documentos de todas as pessoas que moram com o benefici\u00e1rio.<\/p>\n<p style=\"text-align: justify;\">A atualiza\u00e7\u00e3o deve ser feita diretamente no Cras, que est\u00e1 atendendo junto ao Cepis, localizado na Rua Presidente Kennedy, n\u00ba 1246, das 7h30min \u00e0s 11h30min e das 13 \u00e0s 17 horas. Mais informa\u00e7\u00f5es podem ser obtidas pelo telefone 3744-6131.<\/p>\n<p style=\"text-align: justify;\"><strong>&nbsp;<\/strong><\/p>\n<p style=\"text-align: justify;\"><strong>Confira a lista dos benefici\u00e1rios que precisam realizar o Cadastro \u00danico:<\/strong><\/p>\n<p style=\"text-align: justify;\"><strong>&nbsp;<\/strong><\/p>\n<ul style=\"text-align: justify;\">\n<li>ALANA BEATRIZ MAESTRO<\/li>\n<li>ALDA MARIA CARVALHO DE ANDRADE &nbsp;&nbsp;&nbsp;&nbsp;&nbsp;&nbsp;&nbsp;&nbsp;&nbsp;&nbsp;&nbsp;<\/li>\n<li>ALDENEIDE STEFANELLO &nbsp;&nbsp;&nbsp;<\/li>\n<li>ALMIRO LUIZ PANOSSO &nbsp;&nbsp;&nbsp;&nbsp;&nbsp;&nbsp;<\/li>\n<li>ALTAMIRO SOARES DA SILVA<\/li>\n<li>AMILTON DOS SANTOS &nbsp;&nbsp;&nbsp;&nbsp;&nbsp;&nbsp;&nbsp;&nbsp;&nbsp;&nbsp;<\/li>\n<li>ANA PAULA BISOLO &nbsp;&nbsp;&nbsp;&nbsp;&nbsp;&nbsp;&nbsp;&nbsp;&nbsp;&nbsp;&nbsp;<\/li>\n<li>ANTONIO NILO MIOTTO &nbsp;&nbsp;&nbsp;&nbsp;&nbsp;&nbsp;&nbsp;&nbsp;<\/li>\n<li>ANTONIO SALLES DE VARGAS &nbsp;&nbsp;&nbsp;&nbsp;&nbsp;&nbsp;&nbsp;&nbsp;&nbsp;&nbsp;<\/li>\n<li>ASSUNTA ANTUNES &nbsp;&nbsp;&nbsp;&nbsp;&nbsp;&nbsp;&nbsp;&nbsp;&nbsp;<\/li>\n<li>BRUNA MARIA CERATO &nbsp;&nbsp;&nbsp;&nbsp;&nbsp;<\/li>\n<li>CACIANO DE JESUS BUENO<\/li>\n<li>CELIO ROBERTO KRAFTZUK<\/li>\n<li>CLAIR DOS SANTOS &nbsp;&nbsp;&nbsp;&nbsp;&nbsp;&nbsp;&nbsp;&nbsp;&nbsp;&nbsp;<\/li>\n<li>CLAUDIMIR LEMES CORREIA<\/li>\n<li>CLAUDINEI ROGGIA &nbsp;&nbsp;&nbsp;&nbsp;&nbsp;&nbsp;&nbsp;&nbsp;&nbsp;&nbsp;&nbsp;<\/li>\n<li>CLECIO MARIN &nbsp;&nbsp;&nbsp;&nbsp;&nbsp;<\/li>\n<li>CLEMIR DA SILVA &nbsp;&nbsp;<\/li>\n<li>CLEO ANDRE POLLI &nbsp;&nbsp;&nbsp;&nbsp;&nbsp;&nbsp;&nbsp;&nbsp;&nbsp;&nbsp;&nbsp;<\/li>\n<li>CLODOMIRO MULLER DE MORAES &nbsp;&nbsp;&nbsp;&nbsp;<\/li>\n<li>CRISTIANE MISIURA ALVES &nbsp;&nbsp;&nbsp;<\/li>\n<li>DALIRIO DOS SANTOS &nbsp;&nbsp;&nbsp;&nbsp;&nbsp;&nbsp;&nbsp;&nbsp;<\/li>\n<li>DEOLINDA LAZZARETTI ALBERNAZ &nbsp;&nbsp;&nbsp;&nbsp;&nbsp;<\/li>\n<li>DIENEFFER NASCIMENTO DE OLIVEIRA<\/li>\n<li>DIOGO ANTONIO PEREIRA &nbsp;&nbsp;&nbsp;<\/li>\n<li>DIOGO MAZUTTI &nbsp;&nbsp;&nbsp;&nbsp;&nbsp;&nbsp;&nbsp;&nbsp;&nbsp;&nbsp;&nbsp;&nbsp;<\/li>\n<li>DIRCEU MARQUES &nbsp;&nbsp;&nbsp;&nbsp;&nbsp;&nbsp;&nbsp;&nbsp;&nbsp;&nbsp;<\/li>\n<li>DOSOLINA ALVES &nbsp;<\/li>\n<li>ECILDA RIBEIRO DOS SANTOS &nbsp;&nbsp;&nbsp;&nbsp;&nbsp;&nbsp;&nbsp;&nbsp;&nbsp;&nbsp;&nbsp;<\/li>\n<li>EDERSSON SOARES LEAL &nbsp;<\/li>\n<li>ELIEL JONATHAN TEIXEIRA &nbsp;&nbsp;&nbsp;<\/li>\n<li>ELTON JOSE GAZOLLA &nbsp;&nbsp;&nbsp;&nbsp;&nbsp;&nbsp;&nbsp;<\/li>\n<li>EMILIO SZATKOSKI &nbsp;<\/li>\n<li>FABIANA MEIRELES PEREIRA<\/li>\n<li>FERMIANO HYGINO DA SILVA<\/li>\n<li>FERNANDO RAFAEL CRUZ &nbsp;<\/li>\n<li>FLORIPA BORGES DE FREITAS &nbsp;&nbsp;&nbsp;&nbsp;&nbsp;&nbsp;&nbsp;&nbsp;&nbsp;&nbsp;<\/li>\n<li>GERCI CELIA BASSO &nbsp;&nbsp;&nbsp;&nbsp;&nbsp;&nbsp;&nbsp;&nbsp;&nbsp;&nbsp;<\/li>\n<li>GILVANA CARVALHO DE LIMA &nbsp;&nbsp;&nbsp;&nbsp;&nbsp;&nbsp;&nbsp;&nbsp;<\/li>\n<li>GREGORIO MANOEL DE OLIVEIRA &nbsp;&nbsp;&nbsp;&nbsp;&nbsp;&nbsp;<\/li>\n<li>HELIO SPANAVELO &nbsp;&nbsp;&nbsp;&nbsp;&nbsp;&nbsp;&nbsp;&nbsp;&nbsp;&nbsp;&nbsp;<\/li>\n<li>IBANEZ JOAO PEREIRA &nbsp;&nbsp;&nbsp;&nbsp;&nbsp;&nbsp;&nbsp;<\/li>\n<li>IVANILDA DE CANTON &nbsp;&nbsp;&nbsp;&nbsp;&nbsp;&nbsp;&nbsp;&nbsp;<\/li>\n<li>IVANIR ANTUNES DA SILVA &nbsp;&nbsp;&nbsp;<\/li>\n<li>IVANIR BUENO &nbsp;&nbsp;&nbsp;&nbsp;&nbsp;<\/li>\n<li>IVONE PRATES &nbsp;&nbsp;&nbsp;&nbsp;<\/li>\n<li>JOAO AMERICO DA ROSA &nbsp;&nbsp;&nbsp;&nbsp;<\/li>\n<li>JOAO BATISTA FARENZENA ZAGO &nbsp;&nbsp;&nbsp;&nbsp;&nbsp;&nbsp;<\/li>\n<li>JOAO KOVALCIKOSKI NETO &nbsp;&nbsp;<\/li>\n<li>JOAO PAULO SCHIRMER DESSBESELL &nbsp;&nbsp;&nbsp;&nbsp;&nbsp;&nbsp;&nbsp;&nbsp;&nbsp;&nbsp;&nbsp;<\/li>\n<li>JOAO PEDRO ESPERADIAO &nbsp;<\/li>\n<li>JOCELIA APARECIDA OLIVEIRA DA ROSA &nbsp;&nbsp;&nbsp;&nbsp;&nbsp;&nbsp;&nbsp;&nbsp;&nbsp;&nbsp;&nbsp;<\/li>\n<li>JOEL DADALT DE OLIVEIRA &nbsp;&nbsp;&nbsp;<\/li>\n<li>JONAS DOS SANTOS TELES &nbsp;<\/li>\n<li>JOSE CORREA &nbsp;&nbsp;&nbsp;&nbsp;<\/li>\n<li>JOSE NATALICIO DOS SANTOS &nbsp;&nbsp;&nbsp;&nbsp;&nbsp;&nbsp;&nbsp;&nbsp;&nbsp;&nbsp;<\/li>\n<li>KAROLINE KINTSCHNER &nbsp;&nbsp;&nbsp;&nbsp;<\/li>\n<li>LARISSA ANDREATTO SEBEN &nbsp;&nbsp;&nbsp;&nbsp;&nbsp;&nbsp;&nbsp;&nbsp;&nbsp;&nbsp;<\/li>\n<li>LAURO CARLOS DE OLIVEIRA<\/li>\n<li>LEANDRO LOPES<\/li>\n<li>LEOPOLDO COSTA DE VARGAS &nbsp;&nbsp;&nbsp;&nbsp;&nbsp;&nbsp;&nbsp;&nbsp;<\/li>\n<li>LUCIA DA SILVA CAMARGO &nbsp;&nbsp;<\/li>\n<li>LUCIA MARTINS DA SILVA &nbsp;&nbsp;&nbsp;&nbsp;&nbsp;<\/li>\n<li>LUIZ DA ROCHA LEITE &nbsp;&nbsp;&nbsp;&nbsp;&nbsp;&nbsp;&nbsp;&nbsp;&nbsp;<\/li>\n<li>LURDES TEREZINHA GADONSKI BERTOLETTI<\/li>\n<li>MARA DA SILVA &nbsp;&nbsp;&nbsp;&nbsp;<\/li>\n<li>MARCIELI RUSSI &nbsp;&nbsp;&nbsp;<\/li>\n<li>MARCIO LUIS BASSO &nbsp;&nbsp;&nbsp;&nbsp;&nbsp;&nbsp;&nbsp;&nbsp;&nbsp;<\/li>\n<li>MARCOS DO CARMO &nbsp;&nbsp;&nbsp;&nbsp;&nbsp;&nbsp;&nbsp;&nbsp;<\/li>\n<li>MARIA AGUIAR BUENO &nbsp;&nbsp;&nbsp;&nbsp;&nbsp;&nbsp;&nbsp;<\/li>\n<li>MARIA CAETANO &nbsp;<\/li>\n<li>MARIA DE LOURDES PEREIRA DAMASCENO &nbsp;&nbsp;&nbsp;&nbsp;<\/li>\n<li>MARIA JORGINA LEAL &nbsp;&nbsp;&nbsp;&nbsp;&nbsp;&nbsp;&nbsp;&nbsp;&nbsp;<\/li>\n<li>MARIA TEREZINHA DIAS SALDANHA &nbsp;&nbsp;&nbsp;&nbsp;<\/li>\n<li>MARLI DE LURDES RODRIGUES MACHADO &nbsp;&nbsp;&nbsp;&nbsp;&nbsp;&nbsp;<\/li>\n<li>MIGUEL RUANI &nbsp;&nbsp;&nbsp;&nbsp;&nbsp;<\/li>\n<li>MOISES BUENO DA SILVA &nbsp;&nbsp;&nbsp;&nbsp; &nbsp;&nbsp;&nbsp;&nbsp;&nbsp;&nbsp;&nbsp;&nbsp;&nbsp;&nbsp;&nbsp;<\/li>\n<li>NATANAEL SALA &nbsp;&nbsp;<\/li>\n<li>NELSO SKOREK &nbsp;&nbsp;<\/li>\n<li>NEUSA DOS SANTOS &nbsp;&nbsp;&nbsp;&nbsp;&nbsp;&nbsp;&nbsp;&nbsp;<\/li>\n<li>OLIVIA DO NASCIMENTO &nbsp;&nbsp;&nbsp;&nbsp;&nbsp;&nbsp;<\/li>\n<li>PABLO DE FREITAS<\/li>\n<li>PAULA NUNES PRESTES &nbsp;&nbsp;&nbsp;<\/li>\n<li>PEDROLINA VOGT<\/li>\n<li>PRACIDIO CORREIA &nbsp;&nbsp;&nbsp;&nbsp;&nbsp;&nbsp;&nbsp;&nbsp;&nbsp;&nbsp;<\/li>\n<li>RAIANE BONFANTI DE ALMEIDA &nbsp;&nbsp;&nbsp;&nbsp;&nbsp;&nbsp;&nbsp;&nbsp;&nbsp;<\/li>\n<li>RANYERY ALYSON GARCIA<\/li>\n<li>REGIS MURARO DE OLIVEIRA<\/li>\n<li>RODRIGO LUIZ DA ROCHA &nbsp;&nbsp;&nbsp;<\/li>\n<li>ROSA DE LURDES MARTINS DOS SANTOS &nbsp;&nbsp;&nbsp;&nbsp;&nbsp;&nbsp;&nbsp;&nbsp;<\/li>\n<li>RUDIMAR GOMES DA SILVA &nbsp;&nbsp;&nbsp;&nbsp;&nbsp;&nbsp;&nbsp;&nbsp;&nbsp;<\/li>\n<li>SAMUEL DE NARDIN &nbsp;&nbsp;&nbsp;&nbsp;&nbsp;&nbsp;&nbsp;&nbsp;&nbsp;<\/li>\n<li>SERGIO RODRIGO DE MARCHI &nbsp;&nbsp;&nbsp;&nbsp;&nbsp;&nbsp;&nbsp;&nbsp;&nbsp;&nbsp;<\/li>\n<li>SIDINEI PEREIRA &nbsp;&nbsp;&nbsp;<\/li>\n<li>SILVIO VARGAS &nbsp;&nbsp;&nbsp;&nbsp;<\/li>\n<li>TERESINHA IVONE MARIANI &nbsp;&nbsp;<\/li>\n<li>TIAGO MARTINS &nbsp;&nbsp;&nbsp;&nbsp;<\/li>\n<li>VALDEMIRIO PAVAN &nbsp;&nbsp;&nbsp;&nbsp;&nbsp;&nbsp;&nbsp;&nbsp;&nbsp;&nbsp;&nbsp;&nbsp;&nbsp;&nbsp;&nbsp;&nbsp;&nbsp;&nbsp;&nbsp;&nbsp;&nbsp;&nbsp;&nbsp;&nbsp;&nbsp;&nbsp;&nbsp;&nbsp;<\/li>\n<li>VALDIR ANTONIO MARIANE &nbsp;&nbsp;<\/li>\n<li>VANDA DE MORAES ROCKENBACH &nbsp;&nbsp;<\/li>\n<li>VANI WOLLMANN DA COSTA<\/li>\n<li>VILMAR ANTONIO ONUCZAK<\/li>\n<li>VITORIA DOS SANTOS ALVES<\/li>\n<li>VIVALDINO DOS SANTOS CAVALHEIRO &nbsp;&nbsp;&nbsp;&nbsp;&nbsp;&nbsp;&nbsp;&nbsp;&nbsp;&nbsp;&nbsp;<\/li>\n<li>YOLANDA MARIA MAGLIA <strong>&nbsp;&nbsp;&nbsp;&nbsp;&nbsp;&nbsp;&nbsp;&nbsp;&nbsp;&nbsp;&nbsp;&nbsp;&nbsp;&nbsp;&nbsp;&nbsp;&nbsp; <\/strong><\/li>\n<\/ul>\n<p style=\"text-align: justify;\"><strong>&nbsp;<\/strong><\/p>\n<p style=\"text-align: justify;\"><strong>&nbsp;<\/strong><\/p>\n<p style=\"text-align: justify;\"><strong>&nbsp;<\/strong><\/p>","protected":false},"excerpt":{"rendered":"<p>A Secretaria Municipal de Assist\u00eancia Social e Habita\u00e7\u00e3o informa, por meio do Centro de Refer\u00eancia em Assist\u00eancia Social (Cras), que cerca de 100 pessoas devem realizar o Cadastro \u00danico, para&#8230;<\/p>","protected":false},"author":2,"featured_media":36583,"comment_status":"open","ping_status":"closed","sticky":false,"template":"","format":"standard","meta":{"ngg_post_thumbnail":0,"footnotes":""},"categories":[33],"tags":[],"class_list":["post-36582","post","type-post","status-publish","format-standard","has-post-thumbnail","hentry","category-noticias"],"amp_enabled":true,"_links":{"self":[{"href":"https:\/\/www2.comunitaria.com.br\/en\/wp-json\/wp\/v2\/posts\/36582","targetHints":{"allow":["GET"]}}],"collection":[{"href":"https:\/\/www2.comunitaria.com.br\/en\/wp-json\/wp\/v2\/posts"}],"about":[{"href":"https:\/\/www2.comunitaria.com.br\/en\/wp-json\/wp\/v2\/types\/post"}],"author":[{"embeddable":true,"href":"https:\/\/www2.comunitaria.com.br\/en\/wp-json\/wp\/v2\/users\/2"}],"replies":[{"embeddable":true,"href":"https:\/\/www2.comunitaria.com.br\/en\/wp-json\/wp\/v2\/comments?post=36582"}],"version-history":[{"count":0,"href":"https:\/\/www2.comunitaria.com.br\/en\/wp-json\/wp\/v2\/posts\/36582\/revisions"}],"wp:featuredmedia":[{"embeddable":true,"href":"https:\/\/www2.comunitaria.com.br\/en\/wp-json\/wp\/v2\/media\/36583"}],"wp:attachment":[{"href":"https:\/\/www2.comunitaria.com.br\/en\/wp-json\/wp\/v2\/media?parent=36582"}],"wp:term":[{"taxonomy":"category","embeddable":true,"href":"https:\/\/www2.comunitaria.com.br\/en\/wp-json\/wp\/v2\/categories?post=36582"},{"taxonomy":"post_tag","embeddable":true,"href":"https:\/\/www2.comunitaria.com.br\/en\/wp-json\/wp\/v2\/tags?post=36582"}],"curies":[{"name":"wp","href":"https:\/\/api.w.org\/{rel}","templated":true}]}}