{"id":36560,"date":"2019-08-14T15:39:52","date_gmt":"2019-08-14T17:39:52","guid":{"rendered":"http:\/\/www2.comunitaria.com.br\/?p=36560"},"modified":"2019-08-14T15:39:52","modified_gmt":"2019-08-14T17:39:52","slug":"secretaria-de-agricultura-realiza-6o-concurso-municipal-de-vinhos","status":"publish","type":"post","link":"https:\/\/www2.comunitaria.com.br\/en\/secretaria-de-agricultura-realiza-6o-concurso-municipal-de-vinhos\/","title":{"rendered":"Secretaria de Agricultura realiza 6\u00ba Concurso Municipal de Vinhos"},"content":{"rendered":"<p style=\"text-align: justify;\">A sexta edi\u00e7\u00e3o do Concurso Municipal de Vinhos Coloniais e Artesanais, organizado em parceria entre a Secretaria Municipal de Agricultura e a Emater\/RS-Ascar de Frederico Westphalen, ser\u00e1 realizado no dia 31 agosto, na sede da Etnia italiana, junto ao Parque de Exposi\u00e7\u00f5es Monsenhor Vitor Battistella.&nbsp;<\/p>\n<p style=\"text-align: justify;\">O evento inicia \u00e0s 18 horas com a avalia\u00e7\u00e3o dos vinhos. O jantar est\u00e1 previsto \u00e0s 20 horas e, na sequ\u00eancia, ser\u00e1 realizado o an\u00fancio dos vencedores e a premia\u00e7\u00e3o. O card\u00e1pio ser\u00e1 composto polenta, fortaia, carne de frango ao molho, porco assado e saladas diversas. Os cart\u00f5es est\u00e3o sendo vendidos na sede da Secretaria de Agricultura e na Emater, no valor de R$ 30.<\/p>\n<p style=\"text-align: justify;\"><strong>4\u00ba Concurso Jovem Empreendedor Rural<\/strong><\/p>\n<p style=\"text-align: justify;\">Na programa\u00e7\u00e3o do Concurso Municipal de Vinhos tamb\u00e9m est\u00e1 prevista a quarta edi\u00e7\u00e3o do Concurso do Jovem Empreendedor. A competi\u00e7\u00e3o tem como objetivo mostrar \u00e0 comunidade experi\u00eancias positivas de jovens agricultores. A premia\u00e7\u00e3o acontecer\u00e1 durante a sexta edi\u00e7\u00e3o do Concurso Municipal de Vinhos.<br \/>\nPara participar do concurso \u00e9 necess\u00e1rio ter entre 15 e 29 anos, preencher a ficha de inscri\u00e7\u00e3o com os dados pessoais (a ficha de inscri\u00e7\u00e3o voc\u00ea pode ter acesso clicando aqui) e contar a sua hist\u00f3ria de vida bem-sucedida no meio rural. A ficha deve ser preenchida e entregue at\u00e9 o dia 23 de agosto em um dos seguintes locais:<\/p>\n<p style=\"text-align: justify;\">&#8211; Escrit\u00f3rio Municipal da EMATER<br \/>\n&#8211; Secretaria Municipal da Agricultura<br \/>\n&#8211; Secretaria Municipal de Educa\u00e7\u00e3o e Cultura<br \/>\n&#8211; Casa Familiar Rural<\/p>\n<p style=\"text-align: justify;\">As melhores hist\u00f3rias ser\u00e3o selecionadas por uma comiss\u00e3o e, posteriormente, divulgadas durante o Concurso Municipal de Vinhos.<\/p>\n<p><em>ASCOM &#8211; Prefeitura Frederico Westphalen<\/em><\/p>","protected":false},"excerpt":{"rendered":"<p>A sexta edi\u00e7\u00e3o do Concurso Municipal de Vinhos Coloniais e Artesanais, organizado em parceria entre a Secretaria Municipal de Agricultura e a Emater\/RS-Ascar de Frederico Westphalen, ser\u00e1 realizado no dia&#8230;<\/p>","protected":false},"author":2,"featured_media":36561,"comment_status":"open","ping_status":"closed","sticky":false,"template":"","format":"standard","meta":{"ngg_post_thumbnail":0,"footnotes":""},"categories":[33,45,35],"tags":[67,479,1165,2985],"class_list":["post-36560","post","type-post","status-publish","format-standard","has-post-thumbnail","hentry","category-noticias","category-rural","category-variedades","tag-concurso","tag-rural-2","tag-variedades","tag-vinhos"],"amp_enabled":true,"_links":{"self":[{"href":"https:\/\/www2.comunitaria.com.br\/en\/wp-json\/wp\/v2\/posts\/36560","targetHints":{"allow":["GET"]}}],"collection":[{"href":"https:\/\/www2.comunitaria.com.br\/en\/wp-json\/wp\/v2\/posts"}],"about":[{"href":"https:\/\/www2.comunitaria.com.br\/en\/wp-json\/wp\/v2\/types\/post"}],"author":[{"embeddable":true,"href":"https:\/\/www2.comunitaria.com.br\/en\/wp-json\/wp\/v2\/users\/2"}],"replies":[{"embeddable":true,"href":"https:\/\/www2.comunitaria.com.br\/en\/wp-json\/wp\/v2\/comments?post=36560"}],"version-history":[{"count":0,"href":"https:\/\/www2.comunitaria.com.br\/en\/wp-json\/wp\/v2\/posts\/36560\/revisions"}],"wp:featuredmedia":[{"embeddable":true,"href":"https:\/\/www2.comunitaria.com.br\/en\/wp-json\/wp\/v2\/media\/36561"}],"wp:attachment":[{"href":"https:\/\/www2.comunitaria.com.br\/en\/wp-json\/wp\/v2\/media?parent=36560"}],"wp:term":[{"taxonomy":"category","embeddable":true,"href":"https:\/\/www2.comunitaria.com.br\/en\/wp-json\/wp\/v2\/categories?post=36560"},{"taxonomy":"post_tag","embeddable":true,"href":"https:\/\/www2.comunitaria.com.br\/en\/wp-json\/wp\/v2\/tags?post=36560"}],"curies":[{"name":"wp","href":"https:\/\/api.w.org\/{rel}","templated":true}]}}