{"id":3649,"date":"2015-05-18T07:42:00","date_gmt":"2015-05-18T09:42:00","guid":{"rendered":"http:\/\/www2.comunitaria.com.br\/?p=3649"},"modified":"2015-05-18T07:42:00","modified_gmt":"2015-05-18T09:42:00","slug":"gauchao-de-base-vitoria-dos-juniores-e-derrota-do-juvenil","status":"publish","type":"post","link":"https:\/\/www2.comunitaria.com.br\/en\/gauchao-de-base-vitoria-dos-juniores-e-derrota-do-juvenil\/","title":{"rendered":"Gauch\u00e3o de Base: Vit\u00f3ria dos juniores e derrota do juvenil"},"content":{"rendered":"<p>O final de semana foi de vit\u00f3ria e derrota do Uni\u00e3o Frederiquense pelo Gauch\u00e3o de categorias de base.<\/p>\n<p>No s\u00e1bado, pelo Estadual J\u00fanior (sub-20), o Uni\u00e3o venceu o Osoriense, em Os\u00f3rio, pelo placar de 2 a 0. Os gols do Uni\u00e3o foram marcados por Andr\u00e9 e L\u00e9o. Com a vit\u00f3ria o Uni\u00e3o chegou a 13 pontos na competi\u00e7\u00e3o, mas o clube perdeu seis pontos no TJD da FGF (vide mais abaixo) e, assim, a pontua\u00e7\u00e3o estacionou em sete pontos. Na pr\u00f3xima rodada o Le\u00e3ozinho volta a atuar fora de casa, quando enfrenta o Igrejinha, em Igrejinha, confronto marcado para quarta-feira, 20 de maio, \u00e0s 19 horas, no est\u00e1dio Carlos Schwingel e v\u00e1lido pela 13\u00aa rodada da primeira fase da competi\u00e7\u00e3o.<\/p>\n<p>Neste domingo foi a vez de a equipe juvenil (sub-17) entrar em campo pela categoria Juvenil-A. O Uni\u00e3o tamb\u00e9m atuou fora, diante do Cruzeiro, e foi derrotado por 2 a 0. Na pr\u00f3xima rodada o Uni\u00e3o recebe o Fragata, de Pelotas, partida que ser\u00e1 realizada nesta quarta-feira, dia 20, \u00e0s 15 horas, no Vermelh\u00e3o da Colina, em Frederico Westphalen. O jogo valer\u00e1 pela oitava rodada da primeira fase.<\/p>\n<p>VIT\u00d3RIA EM CAMPO, DERROTA NO TRIBUNAL<\/p>\n<p>Estadual J\u00fanior (sub-20): Na \u00faltima quinta-feira o Uni\u00e3o Frederiquense foi julgado no TJD da Federa\u00e7\u00e3o Ga\u00facha de Futebol referente \u00e0 vit\u00f3ria de 3 a 1 diante da Sapucaiense, pela segunda rodada, no dia 1\u00ba de abril. O Uni\u00e3o realizou seis substitui\u00e7\u00f5es, uma a mais do que as cinco permitidas. Ap\u00f3s julgado, o clube perdeu seis pontos e, dos 13 atuais, baixou para sete e ficou sem condi\u00e7\u00f5es de alcan\u00e7ar o G8, n\u00e3o podendo mais lutar pela classifica\u00e7\u00e3o \u00e0 segunda fase do certame.<\/p>\n<p>A.I\/Uni\u00e3o<\/p>","protected":false},"excerpt":{"rendered":"<p>O final de semana foi de vit\u00f3ria e derrota do Uni\u00e3o Frederiquense pelo Gauch\u00e3o de categorias de base. No s\u00e1bado, pelo Estadual J\u00fanior (sub-20), o Uni\u00e3o venceu o Osoriense, em Os\u00f3rio, pelo placar de 2 a 0. Os gols do Uni\u00e3o foram marcados por Andr\u00e9 e L\u00e9o. Com a vit\u00f3ria o Uni\u00e3o chegou a 13<\/p>\n<div class=\"read-more-wrapper\"><a class=\"read-more\" href=\"https:\/\/www2.comunitaria.com.br\/en\/gauchao-de-base-vitoria-dos-juniores-e-derrota-do-juvenil\/\" title=\"Read More\"> <span class=\"button\">Read More<\/span><\/a><\/div>","protected":false},"author":2,"featured_media":3650,"comment_status":"open","ping_status":"closed","sticky":false,"template":"","format":"standard","meta":{"ngg_post_thumbnail":0,"footnotes":""},"categories":[34,33,48],"tags":[867,688],"class_list":["post-3649","post","type-post","status-publish","format-standard","has-post-thumbnail","hentry","category-esportes","category-noticias","category-uniao-frederiquense","tag-base","tag-uniao-frederiquense"],"amp_enabled":true,"_links":{"self":[{"href":"https:\/\/www2.comunitaria.com.br\/en\/wp-json\/wp\/v2\/posts\/3649","targetHints":{"allow":["GET"]}}],"collection":[{"href":"https:\/\/www2.comunitaria.com.br\/en\/wp-json\/wp\/v2\/posts"}],"about":[{"href":"https:\/\/www2.comunitaria.com.br\/en\/wp-json\/wp\/v2\/types\/post"}],"author":[{"embeddable":true,"href":"https:\/\/www2.comunitaria.com.br\/en\/wp-json\/wp\/v2\/users\/2"}],"replies":[{"embeddable":true,"href":"https:\/\/www2.comunitaria.com.br\/en\/wp-json\/wp\/v2\/comments?post=3649"}],"version-history":[{"count":0,"href":"https:\/\/www2.comunitaria.com.br\/en\/wp-json\/wp\/v2\/posts\/3649\/revisions"}],"wp:featuredmedia":[{"embeddable":true,"href":"https:\/\/www2.comunitaria.com.br\/en\/wp-json\/wp\/v2\/media\/3650"}],"wp:attachment":[{"href":"https:\/\/www2.comunitaria.com.br\/en\/wp-json\/wp\/v2\/media?parent=3649"}],"wp:term":[{"taxonomy":"category","embeddable":true,"href":"https:\/\/www2.comunitaria.com.br\/en\/wp-json\/wp\/v2\/categories?post=3649"},{"taxonomy":"post_tag","embeddable":true,"href":"https:\/\/www2.comunitaria.com.br\/en\/wp-json\/wp\/v2\/tags?post=3649"}],"curies":[{"name":"wp","href":"https:\/\/api.w.org\/{rel}","templated":true}]}}