{"id":36467,"date":"2019-08-01T15:06:23","date_gmt":"2019-08-01T17:06:23","guid":{"rendered":"http:\/\/www2.comunitaria.com.br\/?p=36467"},"modified":"2019-08-01T15:34:19","modified_gmt":"2019-08-01T17:34:19","slug":"sicredi-alto-uruguai-rs-sc-mg-recebe-reconhecimento-internacional","status":"publish","type":"post","link":"https:\/\/www2.comunitaria.com.br\/en\/sicredi-alto-uruguai-rs-sc-mg-recebe-reconhecimento-internacional\/","title":{"rendered":"Sicredi Alto Uruguai RS\/SC\/MG recebe reconhecimento internacional"},"content":{"rendered":"<p style=\"text-align: justify;\"><span style=\"font-weight: 400;\">O Programa L\u00edder Jovem, uma iniciativa idealizada pela Sicredi Alto Uruguai RS\/SC\/MG, para estimular o esp\u00edrito de lideran\u00e7a em jovens, foi um dos cinco <\/span><i><span style=\"font-weight: 400;\">cases<\/span><\/i><span style=\"font-weight: 400;\"> vencedores do <\/span><i><span style=\"font-weight: 400;\">Wycup<\/span><\/i><span style=\"font-weight: 400;\"> (<\/span><i><span style=\"font-weight: 400;\">World Council Young Credit Union People<\/span><\/i><span style=\"font-weight: 400;\">), no \u00faltimo dia 31, durante a Confer\u00eancia do Conselho Mundial das Cooperativas de Cr\u00e9dito (Woccu), realizada em Nassau, nas Bahamas, entre 28 a 31 de julho.&nbsp;<\/span><\/p>\n<p style=\"text-align: justify;\"><span style=\"font-weight: 400;\">&#8211; Destacamos os princ\u00edpios do cooperativismo, que traz o interesse em desenvolver pessoas, na forma\u00e7\u00e3o, informa\u00e7\u00e3o e, mais uma vez, comprovam que esse modelo faz a diferen\u00e7a para o desenvolvimento e transforma\u00e7\u00e3o das comunidades. A premia\u00e7\u00e3o recebida coroa o trabalho da nossa Cooperativa. Estamos muito felizes com esse reconhecimento mundial,&nbsp; afirma o Presidente Eugenio Poltronieri. <\/span><span style=\"font-weight: 400;\">&nbsp;<\/span><\/p>\n<p style=\"text-align: justify;\"><span style=\"font-weight: 400;\">O Programa L\u00edder Jovem, desde sua implanta\u00e7\u00e3o em 2012, j\u00e1 formou mais de 330 jovens. Os jovens participam de diferentes m\u00f3dulos de forma\u00e7\u00e3o e s\u00e3o estimulados a desenvolver as bases do cooperativismo, princ\u00edpios da educa\u00e7\u00e3o financeira, empreendedorismo, comunica\u00e7\u00e3o, valores e coopera\u00e7\u00e3o. Ap\u00f3s cada m\u00f3dulo, os participantes s\u00e3o envolvidos em a\u00e7\u00f5es sociais nos Munic\u00edpios e recebem orienta\u00e7\u00f5es para criar uma empresa fict\u00edcia.&nbsp;&nbsp;<\/span><\/p>\n<p style=\"text-align: justify;\"><span style=\"font-weight: 400;\">&#8211; A conquista \u00e9 dedicada aos jovens e associados que fazem parte da Cooperativa, que participam e fazem de programas como esse, ter sentido e fazerem a diferen\u00e7a na sociedade, afirma Micheli Thiesen, colaboradora da Cooperativa, que representou o Programa no evento.&nbsp;<\/span><\/p>\n<p style=\"text-align: justify;\"><span style=\"font-weight: 400;\">Representaram a Sicredi Alto Uruguai RS\/SC\/MG no maior evento do cooperativismo \u00e0 n\u00edvel mundial, a Vice-presidente Angelita Marisa Cadon\u00e1, que tamb\u00e9m foi convidada a participar do <\/span><i><span style=\"font-weight: 400;\">Future Forum<\/span><\/i><span style=\"font-weight: 400;\">, momento em que l\u00edderes das maiores cooperativas de cr\u00e9dito do mundo se re\u00fanem para discuss\u00f5es sobre tend\u00eancias do segmento, a conselheira de administra\u00e7\u00e3o, Giovana Giacomolli e a assessora de comunica\u00e7\u00e3o Micheli Thiesen.&nbsp;<\/span><\/p>\n<p style=\"text-align: justify;\"><span style=\"font-weight: 400;\">Desde 2003, a Cooperativa vem recebendo reconhecimentos nacionais e internacionais.&nbsp;<\/span><\/p>\n<p style=\"text-align: justify;\"><em><span style=\"font-weight: 400;\">&nbsp;Sicredi Alto Uruguai RS\/SC\/MG&nbsp;<\/span><\/em><\/p>","protected":false},"excerpt":{"rendered":"<p>O Programa L\u00edder Jovem, uma iniciativa idealizada pela Sicredi Alto Uruguai RS\/SC\/MG, para estimular o esp\u00edrito de lideran\u00e7a em jovens, foi um dos cinco cases vencedores do Wycup (World Council&#8230;<\/p>","protected":false},"author":2,"featured_media":36468,"comment_status":"open","ping_status":"closed","sticky":false,"template":"","format":"standard","meta":{"ngg_post_thumbnail":0,"footnotes":""},"categories":[28,33,35],"tags":[1829,107,218,1165],"class_list":["post-36467","post","type-post","status-publish","format-standard","has-post-thumbnail","hentry","category-destaque","category-noticias","category-variedades","tag-pais","tag-premio","tag-sicredi","tag-variedades"],"amp_enabled":true,"_links":{"self":[{"href":"https:\/\/www2.comunitaria.com.br\/en\/wp-json\/wp\/v2\/posts\/36467","targetHints":{"allow":["GET"]}}],"collection":[{"href":"https:\/\/www2.comunitaria.com.br\/en\/wp-json\/wp\/v2\/posts"}],"about":[{"href":"https:\/\/www2.comunitaria.com.br\/en\/wp-json\/wp\/v2\/types\/post"}],"author":[{"embeddable":true,"href":"https:\/\/www2.comunitaria.com.br\/en\/wp-json\/wp\/v2\/users\/2"}],"replies":[{"embeddable":true,"href":"https:\/\/www2.comunitaria.com.br\/en\/wp-json\/wp\/v2\/comments?post=36467"}],"version-history":[{"count":0,"href":"https:\/\/www2.comunitaria.com.br\/en\/wp-json\/wp\/v2\/posts\/36467\/revisions"}],"wp:featuredmedia":[{"embeddable":true,"href":"https:\/\/www2.comunitaria.com.br\/en\/wp-json\/wp\/v2\/media\/36468"}],"wp:attachment":[{"href":"https:\/\/www2.comunitaria.com.br\/en\/wp-json\/wp\/v2\/media?parent=36467"}],"wp:term":[{"taxonomy":"category","embeddable":true,"href":"https:\/\/www2.comunitaria.com.br\/en\/wp-json\/wp\/v2\/categories?post=36467"},{"taxonomy":"post_tag","embeddable":true,"href":"https:\/\/www2.comunitaria.com.br\/en\/wp-json\/wp\/v2\/tags?post=36467"}],"curies":[{"name":"wp","href":"https:\/\/api.w.org\/{rel}","templated":true}]}}