{"id":36408,"date":"2019-07-23T14:47:51","date_gmt":"2019-07-23T16:47:51","guid":{"rendered":"http:\/\/www2.comunitaria.com.br\/?p=36408"},"modified":"2019-07-23T14:53:07","modified_gmt":"2019-07-23T16:53:07","slug":"funcionarios-publicos-de-fw-sao-investigados-por-cobranca-de-propina","status":"publish","type":"post","link":"https:\/\/www2.comunitaria.com.br\/en\/funcionarios-publicos-de-fw-sao-investigados-por-cobranca-de-propina\/","title":{"rendered":"Funcion\u00e1rios P\u00fablicos de FW s\u00e3o investigados por cobran\u00e7a de propina"},"content":{"rendered":"<p style=\"text-align: justify;\">O minist\u00e9rio P\u00fablico, com apoio da Policia Civil, deflagrou na manh\u00e3 desta ter\u00e7a-feira, 23, a fase externa da Opera\u00e7\u00e3o Terraplana.<\/p>\n<p style=\"text-align: justify;\">A a\u00e7\u00e3o que realizou 13 medidas cautelares&nbsp; baseadas em den\u00fancias de agricultores de Frederico Westphalen contra 11 funcion\u00e1rios da Secretaria de Agricultura do Munic\u00edpio que estariam cobrando propina para realiza\u00e7\u00e3o de servi\u00e7os como terraplanagem.&nbsp; O trabalho era feito aos fins de semana e o&nbsp; valor cobrado como propina girava em torno de R$ 50 a R$ 80 a hora\/m\u00e1quina.<\/p>\n<p style=\"text-align: justify;\">O promotor de justi\u00e7a Jo\u00e3o Pedro Togni comentou que o processo de cobran\u00e7a indevida j\u00e1 estava normatizado no consciente dos agricultores que de forma ilegal eram cobrados por servi\u00e7os que deveriam ser gratuitos:&nbsp;<\/p>\n<!--[if lt IE 9]><script>document.createElement('audio');<\/script><![endif]-->\n<audio class=\"wp-audio-shortcode\" id=\"audio-36408-1\" preload=\"none\" style=\"width: 100%;\" controls=\"controls\"><source type=\"audio\/mpeg\" src=\"http:\/\/www2.comunitaria.com.br\/wp-content\/uploads\/2019\/07\/RODRIGO-OPERA\u00c7\u00c3O-TERRA-PLANA.mp3?_=1\" \/><a href=\"http:\/\/www2.comunitaria.com.br\/wp-content\/uploads\/2019\/07\/RODRIGO-OPERA\u00c7\u00c3O-TERRA-PLANA.mp3\">http:\/\/www2.comunitaria.com.br\/wp-content\/uploads\/2019\/07\/RODRIGO-OPERA\u00c7\u00c3O-TERRA-PLANA.mp3<\/a><\/audio>\n<p style=\"text-align: justify;\">Segundo o MP, um agricultor chegou a pagar R$ 1,2 mil pela realiza\u00e7\u00e3o dos servi\u00e7os.&nbsp;<\/p>\n<p style=\"text-align: justify;\">Durante o cumprimento das medidas cautelares foram apreendidas tr\u00eas armas de fogo (um rifle, uma pistola e um rev\u00f3lver) al\u00e9m de t\u00edtulos de cr\u00e9dito, recibos e documentos.&nbsp; Ningu\u00e9m foi preso. Um processo de improbidade administrativa poder\u00e1 ser instaurado.&nbsp;<\/p>","protected":false},"excerpt":{"rendered":"<p>O minist\u00e9rio P\u00fablico, com apoio da Policia Civil, deflagrou na manh\u00e3 desta ter\u00e7a-feira, 23, a fase externa da Opera\u00e7\u00e3o Terraplana. A a\u00e7\u00e3o que realizou 13 medidas cautelares&nbsp; baseadas em den\u00fancias de agricultores de Frederico Westphalen contra 11 funcion\u00e1rios da Secretaria de Agricultura do Munic\u00edpio que estariam cobrando propina para realiza\u00e7\u00e3o de servi\u00e7os como terraplanagem.&nbsp; O<\/p>\n<div class=\"read-more-wrapper\"><a class=\"read-more\" href=\"https:\/\/www2.comunitaria.com.br\/en\/funcionarios-publicos-de-fw-sao-investigados-por-cobranca-de-propina\/\" title=\"Read More\"> <span class=\"button\">Read More<\/span><\/a><\/div>","protected":false},"author":2,"featured_media":36415,"comment_status":"open","ping_status":"closed","sticky":false,"template":"","format":"standard","meta":{"ngg_post_thumbnail":0,"footnotes":""},"categories":[28,33],"tags":[],"class_list":["post-36408","post","type-post","status-publish","format-standard","has-post-thumbnail","hentry","category-destaque","category-noticias"],"amp_enabled":true,"_links":{"self":[{"href":"https:\/\/www2.comunitaria.com.br\/en\/wp-json\/wp\/v2\/posts\/36408","targetHints":{"allow":["GET"]}}],"collection":[{"href":"https:\/\/www2.comunitaria.com.br\/en\/wp-json\/wp\/v2\/posts"}],"about":[{"href":"https:\/\/www2.comunitaria.com.br\/en\/wp-json\/wp\/v2\/types\/post"}],"author":[{"embeddable":true,"href":"https:\/\/www2.comunitaria.com.br\/en\/wp-json\/wp\/v2\/users\/2"}],"replies":[{"embeddable":true,"href":"https:\/\/www2.comunitaria.com.br\/en\/wp-json\/wp\/v2\/comments?post=36408"}],"version-history":[{"count":0,"href":"https:\/\/www2.comunitaria.com.br\/en\/wp-json\/wp\/v2\/posts\/36408\/revisions"}],"wp:featuredmedia":[{"embeddable":true,"href":"https:\/\/www2.comunitaria.com.br\/en\/wp-json\/wp\/v2\/media\/36415"}],"wp:attachment":[{"href":"https:\/\/www2.comunitaria.com.br\/en\/wp-json\/wp\/v2\/media?parent=36408"}],"wp:term":[{"taxonomy":"category","embeddable":true,"href":"https:\/\/www2.comunitaria.com.br\/en\/wp-json\/wp\/v2\/categories?post=36408"},{"taxonomy":"post_tag","embeddable":true,"href":"https:\/\/www2.comunitaria.com.br\/en\/wp-json\/wp\/v2\/tags?post=36408"}],"curies":[{"name":"wp","href":"https:\/\/api.w.org\/{rel}","templated":true}]}}