{"id":36315,"date":"2019-07-10T12:31:28","date_gmt":"2019-07-10T14:31:28","guid":{"rendered":"http:\/\/www2.comunitaria.com.br\/?p=36315"},"modified":"2019-07-10T12:31:28","modified_gmt":"2019-07-10T14:31:28","slug":"vigilancia-desencadeia-estrategia-de-vacinacao-contra-febre-amarela","status":"publish","type":"post","link":"https:\/\/www2.comunitaria.com.br\/en\/vigilancia-desencadeia-estrategia-de-vacinacao-contra-febre-amarela\/","title":{"rendered":"Vigil\u00e2ncia desencadeia estrat\u00e9gia de vacina\u00e7\u00e3o contra febre amarela"},"content":{"rendered":"<p style=\"text-align: justify;\">Pela circula\u00e7\u00e3o do mosquito vetor da febre amarela no pa\u00eds, tudo indica que a doen\u00e7a chegue ao Rio Grande do Sul no segundo semestre do ano. Em raz\u00e3o disso, a Secretaria da Sa\u00fade (SES), por interm\u00e9dio do Centro Estadual de Vigil\u00e2ncia em Sa\u00fade (Cevs), est\u00e1 desencadeando uma estrat\u00e9gia de vacina\u00e7\u00e3o em todo o territ\u00f3rio estadual, especialmente na \u00e1rea rural.<\/p>\n<p style=\"text-align: justify;\">A febre amarela \u00e9 uma doen\u00e7a infecciosa febril aguda, causada por um v\u00edrus transmitido por mosquitos vetores e tem dois ciclos de transmiss\u00e3o: silvestre (quando h\u00e1 transmiss\u00e3o em \u00e1rea rural ou de floresta) e urbano.&nbsp;Trata-se de uma doen\u00e7a de alta letalidade, alerta Tani Ranieri, chefe da Divis\u00e3o Epidemiol\u00f3gica do Cevs. Segundo ela, entre 40% e 45% dos casos evoluem para \u00f3bito.&nbsp;<\/p>\n<p style=\"text-align: justify;\">Ela informa ainda que h\u00e1 um monitoramento constante do deslocamento dos mosquitos vetores nos corredores ecol\u00f3gicos, que j\u00e1 desceram por S\u00e3o Paulo, atingiram o Paran\u00e1 e est\u00e3o em Santa Catarina. \u201c\u00c9 prov\u00e1vel que, a partir de setembro, seja identificada sua entrada no Estado\u201d, diz.<\/p>\n<p style=\"text-align: justify;\">A \u00faltima morte de animais silvestres pela doen\u00e7a no RS ocorreu no per\u00edodo 2008\/2009, quando houve o maior n\u00famero de casos em primatas e humanos.&nbsp;O monitoramento da febre amarela ocorre o ano todo e a vacina \u00e9 recomendada para todo o Estado. \u201cMas, neste momento, estamos mais preocupados com a popula\u00e7\u00e3o rural, que \u00e9 de extremo risco\u201d.<\/p>\n<p style=\"text-align: justify;\">A vacina est\u00e1 \u00e0 disposi\u00e7\u00e3o nas unidades de sa\u00fade e quem j\u00e1 tomou a dose est\u00e1 imunizado para toda a vida. A cobertura vacinal est\u00e1 hoje em 67% da popula\u00e7\u00e3o ga\u00facha. Tani Ranieri salienta que a transmiss\u00e3o da doen\u00e7a n\u00e3o ocorre de pessoa para pessoa ou do primata (macaco) para pessoa. Ela se d\u00e1 exclusivamente pelo vetor, que \u00e9 o mosquito.<\/p>\n<p><em>Portal RS<\/em><\/p>","protected":false},"excerpt":{"rendered":"<p>Pela circula\u00e7\u00e3o do mosquito vetor da febre amarela no pa\u00eds, tudo indica que a doen\u00e7a chegue ao Rio Grande do Sul no segundo semestre do ano. Em raz\u00e3o disso, a&#8230;<\/p>","protected":false},"author":2,"featured_media":36316,"comment_status":"open","ping_status":"closed","sticky":false,"template":"","format":"standard","meta":{"ngg_post_thumbnail":0,"footnotes":""},"categories":[46,33,37],"tags":[424,519,3367,175,192],"class_list":["post-36315","post","type-post","status-publish","format-standard","has-post-thumbnail","hentry","category-estado","category-noticias","category-saude","tag-alerta","tag-estado-2","tag-febre-amarela","tag-saude-2","tag-vacina"],"amp_enabled":true,"_links":{"self":[{"href":"https:\/\/www2.comunitaria.com.br\/en\/wp-json\/wp\/v2\/posts\/36315","targetHints":{"allow":["GET"]}}],"collection":[{"href":"https:\/\/www2.comunitaria.com.br\/en\/wp-json\/wp\/v2\/posts"}],"about":[{"href":"https:\/\/www2.comunitaria.com.br\/en\/wp-json\/wp\/v2\/types\/post"}],"author":[{"embeddable":true,"href":"https:\/\/www2.comunitaria.com.br\/en\/wp-json\/wp\/v2\/users\/2"}],"replies":[{"embeddable":true,"href":"https:\/\/www2.comunitaria.com.br\/en\/wp-json\/wp\/v2\/comments?post=36315"}],"version-history":[{"count":0,"href":"https:\/\/www2.comunitaria.com.br\/en\/wp-json\/wp\/v2\/posts\/36315\/revisions"}],"wp:featuredmedia":[{"embeddable":true,"href":"https:\/\/www2.comunitaria.com.br\/en\/wp-json\/wp\/v2\/media\/36316"}],"wp:attachment":[{"href":"https:\/\/www2.comunitaria.com.br\/en\/wp-json\/wp\/v2\/media?parent=36315"}],"wp:term":[{"taxonomy":"category","embeddable":true,"href":"https:\/\/www2.comunitaria.com.br\/en\/wp-json\/wp\/v2\/categories?post=36315"},{"taxonomy":"post_tag","embeddable":true,"href":"https:\/\/www2.comunitaria.com.br\/en\/wp-json\/wp\/v2\/tags?post=36315"}],"curies":[{"name":"wp","href":"https:\/\/api.w.org\/{rel}","templated":true}]}}