{"id":36260,"date":"2019-07-03T12:20:28","date_gmt":"2019-07-03T14:20:28","guid":{"rendered":"http:\/\/www2.comunitaria.com.br\/?p=36260"},"modified":"2019-07-04T15:18:05","modified_gmt":"2019-07-04T17:18:05","slug":"segunda-chamada-do-prouni-ja-esta-disponivel","status":"publish","type":"post","link":"https:\/\/www2.comunitaria.com.br\/en\/segunda-chamada-do-prouni-ja-esta-disponivel\/","title":{"rendered":"Segunda chamada do ProUni j\u00e1 est\u00e1 dispon\u00edvel"},"content":{"rendered":"<p style=\"text-align: justify;\">O resultado da segunda chamada do Programa Universidade para Todos (ProUni) j\u00e1 est\u00e1 dispon\u00edvel na&nbsp;<a href=\"https:\/\/prounialuno.mec.gov.br\/\/\" target=\"_blank\" rel=\"noopener\">p\u00e1gina do programa<\/a>. Para assegurar a bolsa de estudos, os estudantes que foram selecionados devem ir \u00e0s institui\u00e7\u00f5es de ensino e comprovar as informa\u00e7\u00f5es fornecidas na hora da inscri\u00e7\u00e3o. As comprova\u00e7\u00f5es devem ser feitas at\u00e9 a pr\u00f3xima segunda-feira, dia 8 de julho.<\/p>\n<p style=\"text-align: justify;\">Aqueles que n\u00e3o foram selecionados podem ainda participar da lista de espera nos dias 15 e 16 de julho. No site do ProUni est\u00e1 dispon\u00edvel a lista da documenta\u00e7\u00e3o necess\u00e1ria.<\/p>\n<p style=\"text-align: justify;\">Para participar do processo seletivo do Prouni o estudante precisa ter obtido na prova de reda\u00e7\u00e3o, nota que n\u00e3o seja zero al\u00e9m de 450 pontos na m\u00e9dia das notas das provas do Enem de 2018.<\/p>\n<p style=\"text-align: justify;\">Essa nota \u00e9 calculada com a soma de todas as notas obtidas nas provas do Exame Nacional do Ensino M\u00e9dio, Enem, de 2018 (ci\u00eancias da natureza e suas tecnologias; ci\u00eancias humanas e suas tecnologias; linguagens, c\u00f3digos e suas tecnologias; matem\u00e1tica e suas tecnologias e reda\u00e7\u00e3o) divididas por cinco.<\/p>\n<p style=\"text-align: justify;\">Ao todo, ser\u00e3o ofertadas para o segundo semestre deste ano 169.226 bolsas de estudo em institui\u00e7\u00f5es particulares de ensino superior, sendo 68.087 bolsas integrais, de 100% do valor da mensalidade, e 101.139 parciais, que cobrem 50% do valor.<\/p>\n<p style=\"text-align: justify;\">As bolsas integrais s\u00e3o destinadas a estudantes com renda familiar bruta per capita de at\u00e9 1,5 sal\u00e1rio m\u00ednimo. As bolsas parciais contemplam os candidatos que t\u00eam renda familiar bruta per capita de at\u00e9 3 sal\u00e1rios m\u00ednimos. Podem se inscrever no programa estudantes com defici\u00eancia e professores da rede p\u00fablica.<\/p>","protected":false},"excerpt":{"rendered":"<p>O resultado da segunda chamada do Programa Universidade para Todos (ProUni) j\u00e1 est\u00e1 dispon\u00edvel na&nbsp;p\u00e1gina do programa. Para assegurar a bolsa de estudos, os estudantes que foram selecionados devem ir \u00e0s institui\u00e7\u00f5es de ensino e comprovar as informa\u00e7\u00f5es fornecidas na hora da inscri\u00e7\u00e3o. As comprova\u00e7\u00f5es devem ser feitas at\u00e9 a pr\u00f3xima segunda-feira, dia 8 de<\/p>\n<div class=\"read-more-wrapper\"><a class=\"read-more\" href=\"https:\/\/www2.comunitaria.com.br\/en\/segunda-chamada-do-prouni-ja-esta-disponivel\/\" title=\"Read More\"> <span class=\"button\">Read More<\/span><\/a><\/div>","protected":false},"author":2,"featured_media":36272,"comment_status":"open","ping_status":"closed","sticky":false,"template":"","format":"standard","meta":{"ngg_post_thumbnail":0,"footnotes":""},"categories":[33],"tags":[],"class_list":["post-36260","post","type-post","status-publish","format-standard","has-post-thumbnail","hentry","category-noticias"],"amp_enabled":true,"_links":{"self":[{"href":"https:\/\/www2.comunitaria.com.br\/en\/wp-json\/wp\/v2\/posts\/36260","targetHints":{"allow":["GET"]}}],"collection":[{"href":"https:\/\/www2.comunitaria.com.br\/en\/wp-json\/wp\/v2\/posts"}],"about":[{"href":"https:\/\/www2.comunitaria.com.br\/en\/wp-json\/wp\/v2\/types\/post"}],"author":[{"embeddable":true,"href":"https:\/\/www2.comunitaria.com.br\/en\/wp-json\/wp\/v2\/users\/2"}],"replies":[{"embeddable":true,"href":"https:\/\/www2.comunitaria.com.br\/en\/wp-json\/wp\/v2\/comments?post=36260"}],"version-history":[{"count":0,"href":"https:\/\/www2.comunitaria.com.br\/en\/wp-json\/wp\/v2\/posts\/36260\/revisions"}],"wp:featuredmedia":[{"embeddable":true,"href":"https:\/\/www2.comunitaria.com.br\/en\/wp-json\/wp\/v2\/media\/36272"}],"wp:attachment":[{"href":"https:\/\/www2.comunitaria.com.br\/en\/wp-json\/wp\/v2\/media?parent=36260"}],"wp:term":[{"taxonomy":"category","embeddable":true,"href":"https:\/\/www2.comunitaria.com.br\/en\/wp-json\/wp\/v2\/categories?post=36260"},{"taxonomy":"post_tag","embeddable":true,"href":"https:\/\/www2.comunitaria.com.br\/en\/wp-json\/wp\/v2\/tags?post=36260"}],"curies":[{"name":"wp","href":"https:\/\/api.w.org\/{rel}","templated":true}]}}