{"id":36238,"date":"2019-07-01T14:51:39","date_gmt":"2019-07-01T16:51:39","guid":{"rendered":"http:\/\/www2.comunitaria.com.br\/?p=36238"},"modified":"2019-07-01T14:51:39","modified_gmt":"2019-07-01T16:51:39","slug":"inscricoes-para-o-fies-do-segundo-semestre-terminam-nesta-segunda-feira","status":"publish","type":"post","link":"https:\/\/www2.comunitaria.com.br\/en\/inscricoes-para-o-fies-do-segundo-semestre-terminam-nesta-segunda-feira\/","title":{"rendered":"Inscri\u00e7\u00f5es para o Fies do segundo semestre terminam nesta segunda-feira"},"content":{"rendered":"<p style=\"text-align: justify;\">As inscri\u00e7\u00f5es para o Fundo de Financiamento Estudantil (Fies) do segundo semestre de 2019 terminam nesta segunda-feira, 1\u00ba de julho. Elas podem ser feitas pela internet, no<a href=\"http:\/\/fies.mec.gov.br\/\" target=\"_blank\" rel=\"noopener\">&nbsp;site do programa.<\/a>&nbsp;Nesta edi\u00e7\u00e3o, ser\u00e3o ofertadas 46,6 mil vagas a juro zero.<\/p>\n<p style=\"text-align: justify;\">O Fies concede financiamento a estudantes em cursos superiores de institui\u00e7\u00f5es privadas com avalia\u00e7\u00e3o positiva pelo Minist\u00e9rio da Educa\u00e7\u00e3o.<\/p>\n<p style=\"text-align: justify;\">Pode concorrer quem fez uma das edi\u00e7\u00f5es do Exame Nacional do Ensino M\u00e9dio (Enem) a partir de 2010, com m\u00e9dia igual ou superior a 450 pontos, e obtido nota maior que zero na reda\u00e7\u00e3o.<\/p>\n<p style=\"text-align: justify;\"><strong>Modalidades<\/strong><\/p>\n<p style=\"text-align: justify;\">O novo Fies tem modalidades de acordo com a renda familiar. A modalidade com juro zero \u00e9 para os candidatos com renda mensal familiar per capita de at\u00e9 tr\u00eas sal\u00e1rios-m\u00ednimos. O aluno come\u00e7ar\u00e1 a pagar as presta\u00e7\u00f5es respeitando o seu limite de renda.<\/p>\n<p style=\"text-align: justify;\">A modalidade chamada de P-Fies \u00e9 para candidatos com renda familiar per capita entre 3 e 5 sal\u00e1rios-m\u00ednimos. Nesse caso, o financiamento \u00e9 feito por condi\u00e7\u00f5es definidas pelo agente financeiro operador de cr\u00e9dito que pode ser um banco privado ou Fundos Constitucionais e de Desenvolvimento.<\/p>\n<p style=\"text-align: justify;\">O resultado da pr\u00e9-sele\u00e7\u00e3o referente ao processo seletivo do segundo semestre de 2019 para as modalidades Fies e P-Fies ser\u00e1 divulgado no dia 9 de julho.<\/p>\n<p><em>EBC<\/em><\/p>","protected":false},"excerpt":{"rendered":"<p>As inscri\u00e7\u00f5es para o Fundo de Financiamento Estudantil (Fies) do segundo semestre de 2019 terminam nesta segunda-feira, 1\u00ba de julho. Elas podem ser feitas pela internet, no&nbsp;site do programa.&nbsp;Nesta edi\u00e7\u00e3o,&#8230;<\/p>","protected":false},"author":2,"featured_media":36239,"comment_status":"open","ping_status":"closed","sticky":false,"template":"","format":"standard","meta":{"ngg_post_thumbnail":0,"footnotes":""},"categories":[47,44,33],"tags":[1926,413,414,149,437],"class_list":["post-36238","post","type-post","status-publish","format-standard","has-post-thumbnail","hentry","category-brasil","category-educacao","category-noticias","tag-brasil","tag-educacao-2","tag-fies","tag-inscricoes","tag-prazo"],"amp_enabled":true,"_links":{"self":[{"href":"https:\/\/www2.comunitaria.com.br\/en\/wp-json\/wp\/v2\/posts\/36238","targetHints":{"allow":["GET"]}}],"collection":[{"href":"https:\/\/www2.comunitaria.com.br\/en\/wp-json\/wp\/v2\/posts"}],"about":[{"href":"https:\/\/www2.comunitaria.com.br\/en\/wp-json\/wp\/v2\/types\/post"}],"author":[{"embeddable":true,"href":"https:\/\/www2.comunitaria.com.br\/en\/wp-json\/wp\/v2\/users\/2"}],"replies":[{"embeddable":true,"href":"https:\/\/www2.comunitaria.com.br\/en\/wp-json\/wp\/v2\/comments?post=36238"}],"version-history":[{"count":0,"href":"https:\/\/www2.comunitaria.com.br\/en\/wp-json\/wp\/v2\/posts\/36238\/revisions"}],"wp:featuredmedia":[{"embeddable":true,"href":"https:\/\/www2.comunitaria.com.br\/en\/wp-json\/wp\/v2\/media\/36239"}],"wp:attachment":[{"href":"https:\/\/www2.comunitaria.com.br\/en\/wp-json\/wp\/v2\/media?parent=36238"}],"wp:term":[{"taxonomy":"category","embeddable":true,"href":"https:\/\/www2.comunitaria.com.br\/en\/wp-json\/wp\/v2\/categories?post=36238"},{"taxonomy":"post_tag","embeddable":true,"href":"https:\/\/www2.comunitaria.com.br\/en\/wp-json\/wp\/v2\/tags?post=36238"}],"curies":[{"name":"wp","href":"https:\/\/api.w.org\/{rel}","templated":true}]}}