{"id":36219,"date":"2019-06-27T16:59:40","date_gmt":"2019-06-27T18:59:40","guid":{"rendered":"http:\/\/www2.comunitaria.com.br\/?p=36219"},"modified":"2019-06-27T16:59:40","modified_gmt":"2019-06-27T18:59:40","slug":"secretaria-de-assistencia-social-recebe-veiculo-do-ministerio-da-cidadania","status":"publish","type":"post","link":"https:\/\/www2.comunitaria.com.br\/en\/secretaria-de-assistencia-social-recebe-veiculo-do-ministerio-da-cidadania\/","title":{"rendered":"Secretaria de Assist\u00eancia Social recebe ve\u00edculo do Minist\u00e9rio da Cidadania"},"content":{"rendered":"<p style=\"text-align: justify;\"><span style=\"font-weight: 400;\">Nesta segunda-feira, 24, a Administra\u00e7\u00e3o Municipal de Frederico Westphalen recebeu um micro-\u00f4nibus do Minist\u00e9rio da Cidadania. A entrega do ve\u00edculo ocorreu durante a<\/span><span style=\"font-weight: 400;\"> inaugura\u00e7\u00e3o da Esta\u00e7\u00e3o Cidadania de Canoas\/RS, <\/span><span style=\"font-weight: 400;\">onde o ministro Osmar Terra fez deu as chaves de 18 ve\u00edculos aos munic\u00edpios beneficiados. Representando FW, estiveram participando o prefeito Jos\u00e9 Alberto Panosso, a secret\u00e1ria de Assist\u00eancia Social e Habita\u00e7\u00e3o (Smash), Carla Veronese e a coordenadora do <\/span><span style=\"font-weight: 400;\">Centro de Refer\u00eancia de Assist\u00eancia Social (Cras), Laura Lanza.&nbsp;<\/span><\/p>\n<p style=\"text-align: justify;\"><span style=\"font-weight: 400;\">O micro-\u00f4nibus entregue ao munic\u00edpio, possui acessibilidade e est\u00e1 or\u00e7ado em R$ 297 mil. Ele ser\u00e1 utilizado pela Secretaria de Assist\u00eancia Social e Habita\u00e7\u00e3o, <\/span><span style=\"font-weight: 400;\">para atender programas da aten\u00e7\u00e3o b\u00e1sica beneficiando crian\u00e7as, adolescentes, popula\u00e7\u00e3o adulta, gestantes e tamb\u00e9m os idosos assistidos pelo munic\u00edpio dentro da pol\u00edtica de assist\u00eancia social. A autoriza\u00e7\u00e3o da destina\u00e7\u00e3o de um micro\u00f4nibus a FW ocorreu em novembro de 2018, em Bras\u00edlia, durante viagem do chefe do Poder Executivo e da titular da Smash onde, al\u00e9m deste, foram entregues diversos pedidos de recursos.<\/span><\/p>\n<p style=\"text-align: justify;\"><span style=\"font-weight: 400;\">Segundo o prefeito Jos\u00e9 Alberto Panosso, ter um ve\u00edculo adequado \u00e9 imprescind\u00edvel para qualificar o trabalho executado na \u00e1rea da assist\u00eancia social. Panosso afirmou ainda que a parceria com o governo federal \u00e9 fundamental para o sucesso das pol\u00edticas p\u00fablicas.&nbsp;<\/span><\/p>\n<p style=\"text-align: justify;\"><span style=\"font-weight: 400;\">A secret\u00e1ria de Assist\u00eancia Social e Habita\u00e7\u00e3o, Carla Veronese, destacou que est\u00e1 \u00e9 uma grande conquista. \u201c<\/span><span style=\"font-weight: 400;\">A nossa demanda est\u00e1 cada vez maior <\/span><span style=\"font-weight: 400;\">e proporcionar um meio de transporte adequado, facilitar\u00e1 a aproxima\u00e7\u00e3o da demanda \u00e0s atividades, o que \u00e9 essencial para obtermos resultados positivos na execu\u00e7\u00e3o na pol\u00edtica de assist\u00eancia\u201d, frisou.<\/span><\/p>\n<p><em>ASCOM &#8211; Prefeitura Frederico Westphalen<\/em><\/p>","protected":false},"excerpt":{"rendered":"<p>Nesta segunda-feira, 24, a Administra\u00e7\u00e3o Municipal de Frederico Westphalen recebeu um micro-\u00f4nibus do Minist\u00e9rio da Cidadania. A entrega do ve\u00edculo ocorreu durante a inaugura\u00e7\u00e3o da Esta\u00e7\u00e3o Cidadania de Canoas\/RS, onde&#8230;<\/p>","protected":false},"author":2,"featured_media":36220,"comment_status":"open","ping_status":"closed","sticky":false,"template":"","format":"standard","meta":{"ngg_post_thumbnail":0,"footnotes":""},"categories":[39,46,33],"tags":[],"class_list":["post-36219","post","type-post","status-publish","format-standard","has-post-thumbnail","hentry","category-economia","category-estado","category-noticias"],"amp_enabled":true,"_links":{"self":[{"href":"https:\/\/www2.comunitaria.com.br\/en\/wp-json\/wp\/v2\/posts\/36219","targetHints":{"allow":["GET"]}}],"collection":[{"href":"https:\/\/www2.comunitaria.com.br\/en\/wp-json\/wp\/v2\/posts"}],"about":[{"href":"https:\/\/www2.comunitaria.com.br\/en\/wp-json\/wp\/v2\/types\/post"}],"author":[{"embeddable":true,"href":"https:\/\/www2.comunitaria.com.br\/en\/wp-json\/wp\/v2\/users\/2"}],"replies":[{"embeddable":true,"href":"https:\/\/www2.comunitaria.com.br\/en\/wp-json\/wp\/v2\/comments?post=36219"}],"version-history":[{"count":0,"href":"https:\/\/www2.comunitaria.com.br\/en\/wp-json\/wp\/v2\/posts\/36219\/revisions"}],"wp:featuredmedia":[{"embeddable":true,"href":"https:\/\/www2.comunitaria.com.br\/en\/wp-json\/wp\/v2\/media\/36220"}],"wp:attachment":[{"href":"https:\/\/www2.comunitaria.com.br\/en\/wp-json\/wp\/v2\/media?parent=36219"}],"wp:term":[{"taxonomy":"category","embeddable":true,"href":"https:\/\/www2.comunitaria.com.br\/en\/wp-json\/wp\/v2\/categories?post=36219"},{"taxonomy":"post_tag","embeddable":true,"href":"https:\/\/www2.comunitaria.com.br\/en\/wp-json\/wp\/v2\/tags?post=36219"}],"curies":[{"name":"wp","href":"https:\/\/api.w.org\/{rel}","templated":true}]}}