{"id":36204,"date":"2019-06-26T13:52:41","date_gmt":"2019-06-26T15:52:41","guid":{"rendered":"http:\/\/www2.comunitaria.com.br\/?p=36204"},"modified":"2019-06-26T13:52:41","modified_gmt":"2019-06-26T15:52:41","slug":"denuncias-de-violencia-contra-pessoas-com-deficiencia-aumentam","status":"publish","type":"post","link":"https:\/\/www2.comunitaria.com.br\/en\/denuncias-de-violencia-contra-pessoas-com-deficiencia-aumentam\/","title":{"rendered":"Den\u00fancias de viol\u00eancia contra pessoas com defici\u00eancia aumentam"},"content":{"rendered":"<div class=\"news\">\n<p style=\"text-align: justify;\">Um levantamento do Minist\u00e9rio dos Direitos Humanos aponta que, ao longo do ano passado, 11.752 casos de viol\u00eancia contra pessoas com defici\u00eancia foram denunciados ao Disque 100. O servi\u00e7o re\u00fane registros de viola\u00e7\u00e3o de direitos humanos. O n\u00famero de den\u00fancias aumentou 0,6% em rela\u00e7\u00e3o ao ano de 2017.<\/p>\n<p style=\"text-align: justify;\">Os dados coletados mostram que, assim como nos casos de viol\u00eancia contra mulheres, crian\u00e7as, idosos e a popula\u00e7\u00e3o LGBT, os agressores normalmente s\u00e3o pessoas pr\u00f3ximas das v\u00edtimas. Entre eles, irm\u00e3os, que respondem por quase 20% dos casos.<\/p>\n<p style=\"text-align: justify;\">Pessoas com defici\u00eancia relataram participa\u00e7\u00e3o dos pr\u00f3prios pais ou m\u00e3es em cerca de 13% das agress\u00f5es. Os filhos cometeram 10% dos casos de viol\u00eancia relatados contra pais com alguma defici\u00eancia. J\u00e1 os vizinhos foram apontados como autores de 4% das viola\u00e7\u00f5es e outros familiares foram respons\u00e1veis por quase 21% das den\u00fancias ao Disque 100.<\/p>\n<p style=\"text-align: justify;\">O perfil das v\u00edtimas \u00e9 o seguinte. Na maioria das vezes, s\u00e3o mulheres jovens, com idade entre 18 e 30 anos, e com defici\u00eancia mental. Em cada quatro registros, tr\u00eas ocorreram dentro de casa.<\/p>\n<p style=\"text-align: justify;\">Para tentar reprimir esses atos e investigar os agressores, a Secretaria Nacional da Pessoa com Defici\u00eancia apoiou a cria\u00e7\u00e3o de delegacias especializadas nesse tipo de viol\u00eancia. A primeira abriu em S\u00e3o Paulo, no ano de 2014. Depois, no Distrito Federal e nos estados de Goi\u00e1s, Minas Gerais e Cear\u00e1.<\/p>\n<\/div>\n<div class=\"tags\" style=\"text-align: justify;\">&nbsp;<\/div>","protected":false},"excerpt":{"rendered":"<p>Um levantamento do Minist\u00e9rio dos Direitos Humanos aponta que, ao longo do ano passado, 11.752 casos de viol\u00eancia contra pessoas com defici\u00eancia foram denunciados ao Disque 100. O servi\u00e7o re\u00fane&#8230;<\/p>","protected":false},"author":2,"featured_media":36205,"comment_status":"open","ping_status":"closed","sticky":false,"template":"","format":"standard","meta":{"ngg_post_thumbnail":0,"footnotes":""},"categories":[33],"tags":[],"class_list":["post-36204","post","type-post","status-publish","format-standard","has-post-thumbnail","hentry","category-noticias"],"amp_enabled":true,"_links":{"self":[{"href":"https:\/\/www2.comunitaria.com.br\/en\/wp-json\/wp\/v2\/posts\/36204","targetHints":{"allow":["GET"]}}],"collection":[{"href":"https:\/\/www2.comunitaria.com.br\/en\/wp-json\/wp\/v2\/posts"}],"about":[{"href":"https:\/\/www2.comunitaria.com.br\/en\/wp-json\/wp\/v2\/types\/post"}],"author":[{"embeddable":true,"href":"https:\/\/www2.comunitaria.com.br\/en\/wp-json\/wp\/v2\/users\/2"}],"replies":[{"embeddable":true,"href":"https:\/\/www2.comunitaria.com.br\/en\/wp-json\/wp\/v2\/comments?post=36204"}],"version-history":[{"count":0,"href":"https:\/\/www2.comunitaria.com.br\/en\/wp-json\/wp\/v2\/posts\/36204\/revisions"}],"wp:featuredmedia":[{"embeddable":true,"href":"https:\/\/www2.comunitaria.com.br\/en\/wp-json\/wp\/v2\/media\/36205"}],"wp:attachment":[{"href":"https:\/\/www2.comunitaria.com.br\/en\/wp-json\/wp\/v2\/media?parent=36204"}],"wp:term":[{"taxonomy":"category","embeddable":true,"href":"https:\/\/www2.comunitaria.com.br\/en\/wp-json\/wp\/v2\/categories?post=36204"},{"taxonomy":"post_tag","embeddable":true,"href":"https:\/\/www2.comunitaria.com.br\/en\/wp-json\/wp\/v2\/tags?post=36204"}],"curies":[{"name":"wp","href":"https:\/\/api.w.org\/{rel}","templated":true}]}}