{"id":36183,"date":"2019-06-25T12:05:51","date_gmt":"2019-06-25T14:05:51","guid":{"rendered":"http:\/\/www2.comunitaria.com.br\/?p=36183"},"modified":"2019-06-25T12:07:43","modified_gmt":"2019-06-25T14:07:43","slug":"prf-inicia-utilizacao-dos-novos-bafometros-na-regiao","status":"publish","type":"post","link":"https:\/\/www2.comunitaria.com.br\/en\/prf-inicia-utilizacao-dos-novos-bafometros-na-regiao\/","title":{"rendered":"PRF inicia utiliza\u00e7\u00e3o dos novos baf\u00f4metros na regi\u00e3o"},"content":{"rendered":"<p style=\"text-align: justify;\">A Pol\u00edcia Rodovi\u00e1ria Federal (PRF) come\u00e7ar\u00e1 a utilizar nesta semana um novo baf\u00f4metro, que possui as fun\u00e7\u00f5es ativa e passiva, nas rodovias federais atendidas pelas unidades de Sarandi, Passo Fundo, Erechim, Seberi e Lagoa Vermelha.<\/p>\n<p style=\"text-align: justify;\">O novo equipamento, na fun\u00e7\u00e3o passiva, j\u00e1 serve como uma triagem para o policial, indicando se o condutor abordado fez ou n\u00e3o uso de bebida alco\u00f3lica, antes mesmo de o motorista assoprar o etil\u00f4metro. Por sua vez, na fun\u00e7\u00e3o ativa, o aparelho se assemelha ao j\u00e1 utilizado normalmente, aferindo, atrav\u00e9s do sopro, a quantidade de \u00e1lcool existente no organismo do motorista.<\/p>\n<p style=\"text-align: justify;\">No modo passivo, o aparelho dispensa o uso dos bocais descart\u00e1veis e demanda menos tempo para conclus\u00e3o da abordagem, o que diminui os gastos p\u00fablicos, reduz o lixo pl\u00e1stico e permite que mais motoristas possam ser fiscalizados, assegurando uma maior seguran\u00e7a vi\u00e1ria e preservando mais vidas.<\/p>\n<p style=\"text-align: justify;\">Cabe ressaltar que o condutor flagrado em estado de embriaguez \u00e9 autuado em R$ 2.934,70 (dois mil novecentos e trinta e quatro reais e setenta centavos), al\u00e9m de ter a Carteira Nacional de Habilita\u00e7\u00e3o (CNH) suspensa pelo<br \/>\nprazo m\u00ednimo de 1 ano.<\/p>\n<p><em>PRF<\/em><\/p>","protected":false},"excerpt":{"rendered":"<p>A Pol\u00edcia Rodovi\u00e1ria Federal (PRF) come\u00e7ar\u00e1 a utilizar nesta semana um novo baf\u00f4metro, que possui as fun\u00e7\u00f5es ativa e passiva, nas rodovias federais atendidas pelas unidades de Sarandi, Passo Fundo,&#8230;<\/p>","protected":false},"author":2,"featured_media":36189,"comment_status":"open","ping_status":"closed","sticky":false,"template":"","format":"standard","meta":{"ngg_post_thumbnail":0,"footnotes":""},"categories":[47,28,33,36,43],"tags":[4378,1337,177,394,86],"class_list":["post-36183","post","type-post","status-publish","format-standard","has-post-thumbnail","hentry","category-brasil","category-destaque","category-noticias","category-policia","category-regiao","tag-bafometro","tag-blitz","tag-policia-2","tag-prf","tag-regiao-2"],"amp_enabled":true,"_links":{"self":[{"href":"https:\/\/www2.comunitaria.com.br\/en\/wp-json\/wp\/v2\/posts\/36183","targetHints":{"allow":["GET"]}}],"collection":[{"href":"https:\/\/www2.comunitaria.com.br\/en\/wp-json\/wp\/v2\/posts"}],"about":[{"href":"https:\/\/www2.comunitaria.com.br\/en\/wp-json\/wp\/v2\/types\/post"}],"author":[{"embeddable":true,"href":"https:\/\/www2.comunitaria.com.br\/en\/wp-json\/wp\/v2\/users\/2"}],"replies":[{"embeddable":true,"href":"https:\/\/www2.comunitaria.com.br\/en\/wp-json\/wp\/v2\/comments?post=36183"}],"version-history":[{"count":0,"href":"https:\/\/www2.comunitaria.com.br\/en\/wp-json\/wp\/v2\/posts\/36183\/revisions"}],"wp:featuredmedia":[{"embeddable":true,"href":"https:\/\/www2.comunitaria.com.br\/en\/wp-json\/wp\/v2\/media\/36189"}],"wp:attachment":[{"href":"https:\/\/www2.comunitaria.com.br\/en\/wp-json\/wp\/v2\/media?parent=36183"}],"wp:term":[{"taxonomy":"category","embeddable":true,"href":"https:\/\/www2.comunitaria.com.br\/en\/wp-json\/wp\/v2\/categories?post=36183"},{"taxonomy":"post_tag","embeddable":true,"href":"https:\/\/www2.comunitaria.com.br\/en\/wp-json\/wp\/v2\/tags?post=36183"}],"curies":[{"name":"wp","href":"https:\/\/api.w.org\/{rel}","templated":true}]}}