{"id":36180,"date":"2019-06-24T12:33:05","date_gmt":"2019-06-24T14:33:05","guid":{"rendered":"http:\/\/www2.comunitaria.com.br\/?p=36180"},"modified":"2019-06-24T12:33:05","modified_gmt":"2019-06-24T14:33:05","slug":"abertas-as-inscricoes-para-o-campeonato-municipal-de-futsal-2","status":"publish","type":"post","link":"https:\/\/www2.comunitaria.com.br\/en\/abertas-as-inscricoes-para-o-campeonato-municipal-de-futsal-2\/","title":{"rendered":"Abertas as inscri\u00e7\u00f5es para o Campeonato Municipal de Futsal"},"content":{"rendered":"<p style=\"text-align: justify;\"><span style=\"font-weight: 400;\">A Secretaria de Esporte, Juventude e Lazer abre nesta segunda-feira, 24, o prazo de inscri\u00e7\u00f5es para mais uma edi\u00e7\u00e3o do Campeonato Municipal de Futsal. Nesta temporada, ser\u00e3o cinco categorias de disputa: Master, Super Master, S\u00e9rie A e B For\u00e7a-livre masculino, e feminino For\u00e7a-livre. A competi\u00e7\u00e3o est\u00e1 prevista para iniciar dia 22 de julho e os jogos ser\u00e3o realizados no Gin\u00e1sio de esportes Ivanildo Gazzoni, na sede do clube Ipiranga.<\/span><\/p>\n<p style=\"text-align: justify;\"><span style=\"font-weight: 400;\">O n\u00famero de participantes pode variar de acordo com a categoria de disputa:<\/span><\/p>\n<p style=\"text-align: justify;\"><b>A Masculino For\u00e7a Livre <\/b><\/p>\n<p style=\"text-align: justify;\"><span style=\"font-weight: 400;\">No m\u00ednimo doze e m\u00e1ximo quinze atletas podendo ser quatro de outros munic\u00edpios.<\/span><\/p>\n<p style=\"text-align: justify;\"><b>B Masculino For\u00e7a Livre<\/b><\/p>\n<p style=\"text-align: justify;\"><span style=\"font-weight: 400;\">Equipe formada por no m\u00ednimo doze atletas e m\u00e1ximo quinze, apenas com t\u00edtulo de eleitor no munic\u00edpio de Frederico Westphalen (anterior a 31\/12\/2018).<\/span><\/p>\n<p style=\"text-align: justify;\"><b>Feminino For\u00e7a Livre<\/b><\/p>\n<p style=\"text-align: justify;\"><span style=\"font-weight: 400;\">Na categoria Feminina, o m\u00ednimo \u00e9 de doze atletas e m\u00e1ximo quinze, sendo os participantes somente com t\u00edtulo de eleitor no munic\u00edpio de FW (anterior a 31\/12\/2018).<\/span><\/p>\n<p style=\"text-align: justify;\"><b>M\u00e1ster<\/b><\/p>\n<p style=\"text-align: justify;\"><span style=\"font-weight: 400;\">Categoria de no m\u00ednimo doze e m\u00e1ximo quinze atletas com nascimento anterior a 1984, podendo ser duas atletas de outros munic\u00edpios com nascimento anterior ao ano de 1981.<\/span><\/p>\n<p style=\"text-align: justify;\"><b>Super M\u00e1ster <\/b><\/p>\n<p style=\"text-align: justify;\"><span style=\"font-weight: 400;\">M\u00ednimo dez atletas e m\u00e1ximo doze, com nascimento anterior a 1970, sendo apenas atletas com t\u00edtulo em FW, anterior a 31\/12\/2018. <\/span><\/p>\n<p style=\"text-align: justify;\"><span style=\"font-weight: 400;\">As inscri\u00e7\u00f5es em todas as categorias possuem um custo de R$300, com exce\u00e7\u00e3o da modalidade feminina que \u00e9 gratuita. O prazo para realizar as inscri\u00e7\u00f5es encerra no dia 10 de julho e as fichas de inscri\u00e7\u00e3o devem ser retiradas na sede da Secretaria Municipal de Esportes, Juventude e Lazer, localizada juntamente a Secretaria Municipal de Assist\u00eancia Social e Habita\u00e7\u00e3o. Mais informa\u00e7\u00f5es podem ser obtidas pelo telefone 3744-6943 ou 3744-2437.<\/span><\/p>\n<p style=\"text-align: justify;\"><span style=\"font-weight: 400;\">Al\u00e9m disso, est\u00e3o sendo realizadas reuni\u00f5es com as categorias para distribui\u00e7\u00e3o de ficha de inscri\u00e7\u00e3o aos participantes. Na ter\u00e7a-feira,18, foi realizada a reuni\u00e3o referente a categoria A Masculino For\u00e7a Livre. Nesta semana, mais encontros est\u00e3o previstos: ter\u00e7a-feira, 25, a partir das 18h30min, ser\u00e1 a vez da categoria B Masculino For\u00e7a Livre e Categoria Feminina, a partir das 19h30min. Fechando a agenda, o encontro das Categorias Master e Super Master, ocorrem na quarta, 26, as 18h30min, na sede da pasta. &nbsp;<\/span><\/p>","protected":false},"excerpt":{"rendered":"<p>A Secretaria de Esporte, Juventude e Lazer abre nesta segunda-feira, 24, o prazo de inscri\u00e7\u00f5es para mais uma edi\u00e7\u00e3o do Campeonato Municipal de Futsal. Nesta temporada, ser\u00e3o cinco categorias de&#8230;<\/p>","protected":false},"author":2,"featured_media":36181,"comment_status":"open","ping_status":"closed","sticky":false,"template":"","format":"standard","meta":{"ngg_post_thumbnail":0,"footnotes":""},"categories":[50,34,42,28,33],"tags":[138,952,149],"class_list":["post-36180","post","type-post","status-publish","format-standard","has-post-thumbnail","hentry","category-campeonatos-locais","category-esportes","category-fred-west","category-destaque","category-noticias","tag-campeonato","tag-futsal","tag-inscricoes"],"amp_enabled":true,"_links":{"self":[{"href":"https:\/\/www2.comunitaria.com.br\/en\/wp-json\/wp\/v2\/posts\/36180","targetHints":{"allow":["GET"]}}],"collection":[{"href":"https:\/\/www2.comunitaria.com.br\/en\/wp-json\/wp\/v2\/posts"}],"about":[{"href":"https:\/\/www2.comunitaria.com.br\/en\/wp-json\/wp\/v2\/types\/post"}],"author":[{"embeddable":true,"href":"https:\/\/www2.comunitaria.com.br\/en\/wp-json\/wp\/v2\/users\/2"}],"replies":[{"embeddable":true,"href":"https:\/\/www2.comunitaria.com.br\/en\/wp-json\/wp\/v2\/comments?post=36180"}],"version-history":[{"count":0,"href":"https:\/\/www2.comunitaria.com.br\/en\/wp-json\/wp\/v2\/posts\/36180\/revisions"}],"wp:featuredmedia":[{"embeddable":true,"href":"https:\/\/www2.comunitaria.com.br\/en\/wp-json\/wp\/v2\/media\/36181"}],"wp:attachment":[{"href":"https:\/\/www2.comunitaria.com.br\/en\/wp-json\/wp\/v2\/media?parent=36180"}],"wp:term":[{"taxonomy":"category","embeddable":true,"href":"https:\/\/www2.comunitaria.com.br\/en\/wp-json\/wp\/v2\/categories?post=36180"},{"taxonomy":"post_tag","embeddable":true,"href":"https:\/\/www2.comunitaria.com.br\/en\/wp-json\/wp\/v2\/tags?post=36180"}],"curies":[{"name":"wp","href":"https:\/\/api.w.org\/{rel}","templated":true}]}}