{"id":35955,"date":"2019-05-17T11:21:24","date_gmt":"2019-05-17T13:21:24","guid":{"rendered":"http:\/\/www2.comunitaria.com.br\/?p=35955"},"modified":"2019-05-17T12:19:04","modified_gmt":"2019-05-17T14:19:04","slug":"colisao-deixa-uma-vitima-fatal-em-seberi","status":"publish","type":"post","link":"https:\/\/www2.comunitaria.com.br\/en\/colisao-deixa-uma-vitima-fatal-em-seberi\/","title":{"rendered":"Colis\u00e3o deixa uma v\u00edtima fatal em Seberi"},"content":{"rendered":"<p style=\"text-align: justify;\">Um acidente registrado na madrugada desta sexta-feira, 17, deixou uma v\u00edtima fatal no quil\u00f4metro 56 da BR-386, em Seberi. O carro da Secretaria Municipal da Sa\u00fade de Liberato Salzano colidiu frontalmente com um caminh\u00e3o leiteiro com placas de Vista Alegre.&nbsp;<\/p>\n<p style=\"text-align: justify;\">Antonio dos Santos, de 64 anos, que estava no banco de tr\u00e1s do carro n\u00e3o resistiu aos ferimentos e faleceu no local. No carro haviam mais quatro ocupantes que foram atendidas&nbsp; Corpo de Bombeiros e o Servi\u00e7o de Atendimento M\u00f3vel de Urg\u00eancia (Samu) e conduzidas ao Hospital Pio XII de Seberi. O condutor do caminh\u00e3o n\u00e3o teve ferimentos.&nbsp;&nbsp;<\/p>\n<p style=\"text-align: justify;\">O acidente ainda ser\u00e1 investigado pela Pol\u00edcia Civil.&nbsp;<\/p>","protected":false},"excerpt":{"rendered":"<p>Um acidente registrado na madrugada desta sexta-feira, 17, deixou uma v\u00edtima fatal no quil\u00f4metro 56 da BR-386, em Seberi. O carro da Secretaria Municipal da Sa\u00fade de Liberato Salzano colidiu frontalmente com um caminh\u00e3o leiteiro com placas de Vista Alegre.&nbsp; Antonio dos Santos, de 64 anos, que estava no banco de tr\u00e1s do carro n\u00e3o<\/p>\n<div class=\"read-more-wrapper\"><a class=\"read-more\" href=\"https:\/\/www2.comunitaria.com.br\/en\/colisao-deixa-uma-vitima-fatal-em-seberi\/\" title=\"Read More\"> <span class=\"button\">Read More<\/span><\/a><\/div>","protected":false},"author":2,"featured_media":35956,"comment_status":"open","ping_status":"closed","sticky":false,"template":"","format":"standard","meta":{"ngg_post_thumbnail":0,"footnotes":""},"categories":[28,33,36,43,3598],"tags":[96,177,86,426],"class_list":["post-35955","post","type-post","status-publish","format-standard","has-post-thumbnail","hentry","category-destaque","category-noticias","category-policia","category-regiao","category-transito","tag-acidente","tag-policia-2","tag-regiao-2","tag-transito"],"amp_enabled":true,"_links":{"self":[{"href":"https:\/\/www2.comunitaria.com.br\/en\/wp-json\/wp\/v2\/posts\/35955","targetHints":{"allow":["GET"]}}],"collection":[{"href":"https:\/\/www2.comunitaria.com.br\/en\/wp-json\/wp\/v2\/posts"}],"about":[{"href":"https:\/\/www2.comunitaria.com.br\/en\/wp-json\/wp\/v2\/types\/post"}],"author":[{"embeddable":true,"href":"https:\/\/www2.comunitaria.com.br\/en\/wp-json\/wp\/v2\/users\/2"}],"replies":[{"embeddable":true,"href":"https:\/\/www2.comunitaria.com.br\/en\/wp-json\/wp\/v2\/comments?post=35955"}],"version-history":[{"count":0,"href":"https:\/\/www2.comunitaria.com.br\/en\/wp-json\/wp\/v2\/posts\/35955\/revisions"}],"wp:featuredmedia":[{"embeddable":true,"href":"https:\/\/www2.comunitaria.com.br\/en\/wp-json\/wp\/v2\/media\/35956"}],"wp:attachment":[{"href":"https:\/\/www2.comunitaria.com.br\/en\/wp-json\/wp\/v2\/media?parent=35955"}],"wp:term":[{"taxonomy":"category","embeddable":true,"href":"https:\/\/www2.comunitaria.com.br\/en\/wp-json\/wp\/v2\/categories?post=35955"},{"taxonomy":"post_tag","embeddable":true,"href":"https:\/\/www2.comunitaria.com.br\/en\/wp-json\/wp\/v2\/tags?post=35955"}],"curies":[{"name":"wp","href":"https:\/\/api.w.org\/{rel}","templated":true}]}}