{"id":35935,"date":"2019-05-14T12:30:03","date_gmt":"2019-05-14T14:30:03","guid":{"rendered":"http:\/\/www2.comunitaria.com.br\/?p=35935"},"modified":"2019-05-14T12:33:36","modified_gmt":"2019-05-14T14:33:36","slug":"inscricoes-para-o-campeonato-municipal-de-futebol-de-campo-encerram-nesta-sexta-feira","status":"publish","type":"post","link":"https:\/\/www2.comunitaria.com.br\/en\/inscricoes-para-o-campeonato-municipal-de-futebol-de-campo-encerram-nesta-sexta-feira\/","title":{"rendered":"Inscri\u00e7\u00f5es para o Campeonato Municipal de Futebol de Campo encerram nesta sexta-feira"},"content":{"rendered":"<p style=\"text-align: justify;\">Encerra nesta sexta-feira, 17, o per\u00edodo de inscri\u00e7\u00e3o para o Campeonato Municipal de Futebol de Campo Integra\u00e7\u00e3o\/Copa Uni\u00e3o. As inscri\u00e7\u00f5es das equipes s\u00e3o gratuitas e devem ser feitas na Secretaria Municipal de Esporte, Juventude e Lazer das 8h \u00e0s 12h e \u00e0 tarde, das 13h \u00e0s 17h. &nbsp;<\/p>\n<p style=\"text-align: justify;\">O Campeonato Integra\u00e7\u00e3o\/Copa Uni\u00e3o ser\u00e1 para Categoria A, for\u00e7a livre e est\u00e1 previsto para iniciar dia 26 de maio, nos campos das equipes participantes. O carn\u00ea de jogos ser\u00e1 divulgado na pr\u00f3xima semana.&nbsp;<\/p>\n<p style=\"text-align: justify;\">&nbsp;<\/p>","protected":false},"excerpt":{"rendered":"<p>Encerra nesta sexta-feira, 17, o per\u00edodo de inscri\u00e7\u00e3o para o Campeonato Municipal de Futebol de Campo Integra\u00e7\u00e3o\/Copa Uni\u00e3o. As inscri\u00e7\u00f5es das equipes s\u00e3o gratuitas e devem ser feitas na Secretaria&#8230;<\/p>","protected":false},"author":2,"featured_media":35938,"comment_status":"open","ping_status":"closed","sticky":false,"template":"","format":"standard","meta":{"ngg_post_thumbnail":0,"footnotes":""},"categories":[33],"tags":[],"class_list":["post-35935","post","type-post","status-publish","format-standard","has-post-thumbnail","hentry","category-noticias"],"amp_enabled":true,"_links":{"self":[{"href":"https:\/\/www2.comunitaria.com.br\/en\/wp-json\/wp\/v2\/posts\/35935","targetHints":{"allow":["GET"]}}],"collection":[{"href":"https:\/\/www2.comunitaria.com.br\/en\/wp-json\/wp\/v2\/posts"}],"about":[{"href":"https:\/\/www2.comunitaria.com.br\/en\/wp-json\/wp\/v2\/types\/post"}],"author":[{"embeddable":true,"href":"https:\/\/www2.comunitaria.com.br\/en\/wp-json\/wp\/v2\/users\/2"}],"replies":[{"embeddable":true,"href":"https:\/\/www2.comunitaria.com.br\/en\/wp-json\/wp\/v2\/comments?post=35935"}],"version-history":[{"count":0,"href":"https:\/\/www2.comunitaria.com.br\/en\/wp-json\/wp\/v2\/posts\/35935\/revisions"}],"wp:featuredmedia":[{"embeddable":true,"href":"https:\/\/www2.comunitaria.com.br\/en\/wp-json\/wp\/v2\/media\/35938"}],"wp:attachment":[{"href":"https:\/\/www2.comunitaria.com.br\/en\/wp-json\/wp\/v2\/media?parent=35935"}],"wp:term":[{"taxonomy":"category","embeddable":true,"href":"https:\/\/www2.comunitaria.com.br\/en\/wp-json\/wp\/v2\/categories?post=35935"},{"taxonomy":"post_tag","embeddable":true,"href":"https:\/\/www2.comunitaria.com.br\/en\/wp-json\/wp\/v2\/tags?post=35935"}],"curies":[{"name":"wp","href":"https:\/\/api.w.org\/{rel}","templated":true}]}}