{"id":35915,"date":"2019-05-12T15:20:17","date_gmt":"2019-05-12T17:20:17","guid":{"rendered":"http:\/\/www2.comunitaria.com.br\/?p=35915"},"modified":"2019-05-12T15:29:16","modified_gmt":"2019-05-12T17:29:16","slug":"veiculo-roubado-e-recuperado-pela-prf-em-vista-alegre","status":"publish","type":"post","link":"https:\/\/www2.comunitaria.com.br\/en\/veiculo-roubado-e-recuperado-pela-prf-em-vista-alegre\/","title":{"rendered":"Ve\u00edculo roubado \u00e9 recuperado pela PRF em Vista Alegre"},"content":{"rendered":"<p style=\"text-align: justify;\">A Pol\u00edcia Rodovi\u00e1ria Federal (PRF), com apoio da Brigada Militar, realizou a pris\u00e3o de um homem e recuperou um ve\u00edculo na madrugada deste s\u00e1bado, 11, em Vista Alegre, regi\u00e3o noroeste do estado.<\/p>\n<p style=\"text-align: justify;\">O carro passou em frente a Unidade Operacional de Seberi por volta das 3h40min. Os policiais identificaram que o ve\u00edculo, uma SpaceFox, estava com placas de um Fiesta com registro de furto\/roubo. Foi iniciado acompanhamento t\u00e1tico pela BR-386 mas o ve\u00edculo n\u00e3o foi mais avistado. Outra viatura da PRF deslocou e localizou o carro no trevo de acesso a BR-472.<\/p>\n<p style=\"text-align: justify;\">A Brigada Militar de Palmitinho foi avisada e auxiliou no acompanhamento, junto a duas viaturas da PRF. A SpaceFox adentrou por vias vicinais at\u00e9 perder o controle e cair em um barranco. O motorista conseguiu fugir mas o carona foi detido a tempo. Foram realizadas buscas no local mas at\u00e9 o momento o condutor n\u00e3o foi localizado.<\/p>\n<p style=\"text-align: justify;\">A SpaceFox foi roubada no dia 24 de abril deste ano em Tr\u00eas Passos e a ocorr\u00eancia foi apresentada pela BM.<\/p>\n<p>&nbsp;<\/p>\n<p><em><strong>Informa\u00e7\u00f5es e foto: PRF<\/strong><\/em><\/p>","protected":false},"excerpt":{"rendered":"<p>A Pol\u00edcia Rodovi\u00e1ria Federal (PRF), com apoio da Brigada Militar, realizou a pris\u00e3o de um homem e recuperou um ve\u00edculo na madrugada deste s\u00e1bado, 11, em Vista Alegre, regi\u00e3o noroeste do estado. O carro passou em frente a Unidade Operacional de Seberi por volta das 3h40min. Os policiais identificaram que o ve\u00edculo, uma SpaceFox, estava<\/p>\n<div class=\"read-more-wrapper\"><a class=\"read-more\" href=\"https:\/\/www2.comunitaria.com.br\/en\/veiculo-roubado-e-recuperado-pela-prf-em-vista-alegre\/\" title=\"Read More\"> <span class=\"button\">Read More<\/span><\/a><\/div>","protected":false},"author":2,"featured_media":35916,"comment_status":"open","ping_status":"closed","sticky":false,"template":"","format":"standard","meta":{"ngg_post_thumbnail":0,"footnotes":""},"categories":[46,42,33,36,3598],"tags":[473,911,394,85,4355,317],"class_list":["post-35915","post","type-post","status-publish","format-standard","has-post-thumbnail","hentry","category-estado","category-fred-west","category-noticias","category-policia","category-transito","tag-bm","tag-brigada-militar","tag-prf","tag-roubo","tag-spacefox","tag-vista-alegre"],"amp_enabled":true,"_links":{"self":[{"href":"https:\/\/www2.comunitaria.com.br\/en\/wp-json\/wp\/v2\/posts\/35915","targetHints":{"allow":["GET"]}}],"collection":[{"href":"https:\/\/www2.comunitaria.com.br\/en\/wp-json\/wp\/v2\/posts"}],"about":[{"href":"https:\/\/www2.comunitaria.com.br\/en\/wp-json\/wp\/v2\/types\/post"}],"author":[{"embeddable":true,"href":"https:\/\/www2.comunitaria.com.br\/en\/wp-json\/wp\/v2\/users\/2"}],"replies":[{"embeddable":true,"href":"https:\/\/www2.comunitaria.com.br\/en\/wp-json\/wp\/v2\/comments?post=35915"}],"version-history":[{"count":0,"href":"https:\/\/www2.comunitaria.com.br\/en\/wp-json\/wp\/v2\/posts\/35915\/revisions"}],"wp:featuredmedia":[{"embeddable":true,"href":"https:\/\/www2.comunitaria.com.br\/en\/wp-json\/wp\/v2\/media\/35916"}],"wp:attachment":[{"href":"https:\/\/www2.comunitaria.com.br\/en\/wp-json\/wp\/v2\/media?parent=35915"}],"wp:term":[{"taxonomy":"category","embeddable":true,"href":"https:\/\/www2.comunitaria.com.br\/en\/wp-json\/wp\/v2\/categories?post=35915"},{"taxonomy":"post_tag","embeddable":true,"href":"https:\/\/www2.comunitaria.com.br\/en\/wp-json\/wp\/v2\/tags?post=35915"}],"curies":[{"name":"wp","href":"https:\/\/api.w.org\/{rel}","templated":true}]}}