{"id":35781,"date":"2019-04-25T10:20:50","date_gmt":"2019-04-25T12:20:50","guid":{"rendered":"http:\/\/www2.comunitaria.com.br\/?p=35781"},"modified":"2019-04-25T10:20:50","modified_gmt":"2019-04-25T12:20:50","slug":"total-de-casos-de-dengue-passa-de-200-no-rs","status":"publish","type":"post","link":"https:\/\/www2.comunitaria.com.br\/en\/total-de-casos-de-dengue-passa-de-200-no-rs\/","title":{"rendered":"Total de casos de dengue passa de 200 no RS"},"content":{"rendered":"<p style=\"text-align: justify;\">Chega a 217 o n\u00famero de casos de dengue confirmados, em 2019, no Rio Grande do Sul, at\u00e9 20 de abril. Desses, a maioria (162) envolveu pacientes que adoeceram dentro das cidades, sem viajar. Isso equivale a dizer que, a cada quatro casos, s\u00f3 um \u00e9 importado.<\/p>\n<p style=\"text-align: justify;\">Com 86 casos da doen\u00e7a, 79 deles aut\u00f3ctones, Porto Alegre lidera a lista de ocorr\u00eancias em 2019. S\u00f3 no bairro Santa Rosa de Lima, o mosquito Aedes aegypti infectou 73 pessoas.<\/p>\n<p style=\"text-align: justify;\">De acordo com o informativo epidemiol\u00f3gico divulgado, hoje, pela Secretaria Estadual da Sa\u00fade, de um total de 875 suspeitas, 428 foram descartadas e 216 seguem em investiga\u00e7\u00e3o.<\/p>\n<p style=\"text-align: justify;\">Embora em 2017 e 2018 o Rio Grande do Sul n\u00e3o tenha registrado casos aut\u00f3ctones de dengue, o n\u00famero de ocorr\u00eancias em 2019 ainda \u00e9 bem menor que o de 2016, por exemplo, quando, na mesma \u00e9poca do ano, 1,8 mil pacientes j\u00e1 haviam contra\u00eddo os sintomas da doen\u00e7a sem viajar.<\/p>\n<p style=\"text-align: justify;\">Preocupa, tamb\u00e9m, o aumento de cidades infestadas pelo mosquito. Eram s\u00f3 14, em 2000, contra 340, agora, de um total de 497.<\/p>\n<p style=\"text-align: justify;\"><strong>Outras enfermidades<\/strong><\/p>\n<p style=\"text-align: justify;\">O relat\u00f3rio de hoje tamb\u00e9m confirmou cinco casos de febre chikungunya \u2013 um deles aut\u00f3ctone, em Esteio e quatro importados, sendo dois em Porto Alegre, um em Canoas e um em Porto Xavier.<\/p>\n<p style=\"text-align: justify;\">J\u00e1 o quatro relativo ao zika v\u00edrus segue confirmando apenas um caso aut\u00f3ctone, em Gravata\u00ed.<\/p>\n<p><em>Gua\u00edba<\/em><\/p>","protected":false},"excerpt":{"rendered":"<p>Chega a 217 o n\u00famero de casos de dengue confirmados, em 2019, no Rio Grande do Sul, at\u00e9 20 de abril. Desses, a maioria (162) envolveu pacientes que adoeceram dentro das cidades, sem viajar. Isso equivale a dizer que, a cada quatro casos, s\u00f3 um \u00e9 importado. Com 86 casos da doen\u00e7a, 79 deles aut\u00f3ctones,<\/p>\n<div class=\"read-more-wrapper\"><a class=\"read-more\" href=\"https:\/\/www2.comunitaria.com.br\/en\/total-de-casos-de-dengue-passa-de-200-no-rs\/\" title=\"Read More\"> <span class=\"button\">Read More<\/span><\/a><\/div>","protected":false},"author":2,"featured_media":35782,"comment_status":"open","ping_status":"closed","sticky":false,"template":"","format":"standard","meta":{"ngg_post_thumbnail":0,"footnotes":""},"categories":[46,3615,33,37],"tags":[2526,832,519,300,175],"class_list":["post-35781","post","type-post","status-publish","format-standard","has-post-thumbnail","hentry","category-estado","category-meio-ambiente","category-noticias","category-saude","tag-casos","tag-dengue","tag-estado-2","tag-rs","tag-saude-2"],"amp_enabled":true,"_links":{"self":[{"href":"https:\/\/www2.comunitaria.com.br\/en\/wp-json\/wp\/v2\/posts\/35781","targetHints":{"allow":["GET"]}}],"collection":[{"href":"https:\/\/www2.comunitaria.com.br\/en\/wp-json\/wp\/v2\/posts"}],"about":[{"href":"https:\/\/www2.comunitaria.com.br\/en\/wp-json\/wp\/v2\/types\/post"}],"author":[{"embeddable":true,"href":"https:\/\/www2.comunitaria.com.br\/en\/wp-json\/wp\/v2\/users\/2"}],"replies":[{"embeddable":true,"href":"https:\/\/www2.comunitaria.com.br\/en\/wp-json\/wp\/v2\/comments?post=35781"}],"version-history":[{"count":0,"href":"https:\/\/www2.comunitaria.com.br\/en\/wp-json\/wp\/v2\/posts\/35781\/revisions"}],"wp:featuredmedia":[{"embeddable":true,"href":"https:\/\/www2.comunitaria.com.br\/en\/wp-json\/wp\/v2\/media\/35782"}],"wp:attachment":[{"href":"https:\/\/www2.comunitaria.com.br\/en\/wp-json\/wp\/v2\/media?parent=35781"}],"wp:term":[{"taxonomy":"category","embeddable":true,"href":"https:\/\/www2.comunitaria.com.br\/en\/wp-json\/wp\/v2\/categories?post=35781"},{"taxonomy":"post_tag","embeddable":true,"href":"https:\/\/www2.comunitaria.com.br\/en\/wp-json\/wp\/v2\/tags?post=35781"}],"curies":[{"name":"wp","href":"https:\/\/api.w.org\/{rel}","templated":true}]}}