{"id":35750,"date":"2019-04-22T10:11:29","date_gmt":"2019-04-22T12:11:29","guid":{"rendered":"http:\/\/www2.comunitaria.com.br\/?p=35750"},"modified":"2019-04-22T10:14:03","modified_gmt":"2019-04-22T12:14:03","slug":"cufa-fw-promove-acao-de-pascoa","status":"publish","type":"post","link":"https:\/\/www2.comunitaria.com.br\/en\/cufa-fw-promove-acao-de-pascoa\/","title":{"rendered":"CUFA\/FW promove a\u00e7\u00e3o de P\u00e1scoa"},"content":{"rendered":"<p style=\"text-align: justify;\">A tarde deste domingo, 21, foi marcada pela tradicional a\u00e7\u00e3o de P\u00e1scoa da Centra \u00danica das Favelas de Frederico Westphalen (CUFA\/FW). Durante a tarde, a organiza\u00e7\u00e3o distribuiu doces para crian\u00e7as do bairro S\u00e3o Jos\u00e9, Pedreira, Viaduto e Lar S\u00e3o Francisco. Centenas de kits foram entregues.<\/p>\n<p style=\"text-align: justify;\">Tamb\u00e9m no bairro S\u00e3o Jos\u00e9, os acad\u00eamicos de Rela\u00e7\u00f5es P\u00fablicas da UFSM\/FW doaram alimentos provenientes da campanha realizada durante o trote dos calouros do curso.&nbsp;<\/p>\n<p style=\"text-align: justify;\">Ainda durante este domingo, foram entregues cerca de mil pe\u00e7as de roupas no bairro S\u00e3o Jos\u00e9, Pedreira e Viaduto, provenientes da Campanha do Agasalho da entidade.&nbsp;A Campanha segue aberta durante o ano de 2019. Para contribuir, basta dirigir-se ao Centro Cultural da CUFA, tamb\u00e9m \u00e0 loja Ponto Econ\u00f4mico ou entrar em contato para que a CUFA busque as doa\u00e7\u00f5es a domic\u00edlio.&nbsp;<\/p>\n<div class=\"text_exposed_show\">\n<p style=\"text-align: justify;\">Interessados em participar podem tamb\u00e9m tornar-se um ponto de arrecada\u00e7\u00e3o da campanha. A P\u00e1scoa da CUFA \u00e9 uma realiza\u00e7\u00e3o da CUFA\/FW que conta com patroc\u00ednio de&nbsp;Arbaza Alimentos.<\/p>\n<\/div>","protected":false},"excerpt":{"rendered":"<p>A tarde deste domingo, 21, foi marcada pela tradicional a\u00e7\u00e3o de P\u00e1scoa da Centra \u00danica das Favelas de Frederico Westphalen (CUFA\/FW). Durante a tarde, a organiza\u00e7\u00e3o distribuiu doces para crian\u00e7as do bairro S\u00e3o Jos\u00e9, Pedreira, Viaduto e Lar S\u00e3o Francisco. Centenas de kits foram entregues. Tamb\u00e9m no bairro S\u00e3o Jos\u00e9, os acad\u00eamicos de Rela\u00e7\u00f5es P\u00fablicas<\/p>\n<div class=\"read-more-wrapper\"><a class=\"read-more\" href=\"https:\/\/www2.comunitaria.com.br\/en\/cufa-fw-promove-acao-de-pascoa\/\" title=\"Read More\"> <span class=\"button\">Read More<\/span><\/a><\/div>","protected":false},"author":2,"featured_media":35753,"comment_status":"open","ping_status":"closed","sticky":false,"template":"","format":"standard","meta":{"ngg_post_thumbnail":0,"footnotes":""},"categories":[42,28,33,35],"tags":[1523,60,2468,1348,808],"class_list":["post-35750","post","type-post","status-publish","format-standard","has-post-thumbnail","hentry","category-fred-west","category-destaque","category-noticias","category-variedades","tag-acao","tag-campanha","tag-cufafw","tag-evento","tag-pascoa"],"amp_enabled":true,"_links":{"self":[{"href":"https:\/\/www2.comunitaria.com.br\/en\/wp-json\/wp\/v2\/posts\/35750","targetHints":{"allow":["GET"]}}],"collection":[{"href":"https:\/\/www2.comunitaria.com.br\/en\/wp-json\/wp\/v2\/posts"}],"about":[{"href":"https:\/\/www2.comunitaria.com.br\/en\/wp-json\/wp\/v2\/types\/post"}],"author":[{"embeddable":true,"href":"https:\/\/www2.comunitaria.com.br\/en\/wp-json\/wp\/v2\/users\/2"}],"replies":[{"embeddable":true,"href":"https:\/\/www2.comunitaria.com.br\/en\/wp-json\/wp\/v2\/comments?post=35750"}],"version-history":[{"count":0,"href":"https:\/\/www2.comunitaria.com.br\/en\/wp-json\/wp\/v2\/posts\/35750\/revisions"}],"wp:featuredmedia":[{"embeddable":true,"href":"https:\/\/www2.comunitaria.com.br\/en\/wp-json\/wp\/v2\/media\/35753"}],"wp:attachment":[{"href":"https:\/\/www2.comunitaria.com.br\/en\/wp-json\/wp\/v2\/media?parent=35750"}],"wp:term":[{"taxonomy":"category","embeddable":true,"href":"https:\/\/www2.comunitaria.com.br\/en\/wp-json\/wp\/v2\/categories?post=35750"},{"taxonomy":"post_tag","embeddable":true,"href":"https:\/\/www2.comunitaria.com.br\/en\/wp-json\/wp\/v2\/tags?post=35750"}],"curies":[{"name":"wp","href":"https:\/\/api.w.org\/{rel}","templated":true}]}}