{"id":35579,"date":"2019-04-02T10:42:50","date_gmt":"2019-04-02T12:42:50","guid":{"rendered":"http:\/\/www2.comunitaria.com.br\/?p=35579"},"modified":"2019-04-02T10:42:50","modified_gmt":"2019-04-02T12:42:50","slug":"licenciamento-2018-vence-em-30-de-abril-para-veiculos-com-placas-final-1-2-e-3","status":"publish","type":"post","link":"https:\/\/www2.comunitaria.com.br\/en\/licenciamento-2018-vence-em-30-de-abril-para-veiculos-com-placas-final-1-2-e-3\/","title":{"rendered":"Licenciamento 2018 vence em 30 de abril para ve\u00edculos com placas final 1, 2 e 3"},"content":{"rendered":"<p style=\"text-align: justify;\">Com a chegada do m\u00eas de abril, o DetranRS alerta os propriet\u00e1rios de ve\u00edculos com placas de final 1, 2 e 3 para o vencimento do licenciamento 2018. O documento 2019 passa a ser exigido para esses ve\u00edculos a partir do dia 1\u00ba de maio.<\/p>\n<p style=\"text-align: justify;\">O propriet\u00e1rio deve quitar, al\u00e9m do IPVA, o seguro obrigat\u00f3rio (DPVAT), a taxa de expedi\u00e7\u00e3o do CRLV (Certificado de Registro e de Licenciamento do Ve\u00edculo) e multas vencidas, se houver. Caso tenha pago o IPVA e ainda n\u00e3o tenha recebido o documento, o propriet\u00e1rio deve primeiro verificar se quitou todos os itens que comp\u00f5em o licenciamento ou ainda se h\u00e1 algum processo pendente. \u00c9 poss\u00edvel consultar a situa\u00e7\u00e3o do ve\u00edculo no&nbsp;<a href=\"https:\/\/www.detran.rs.gov.br\/inicial\" target=\"_blank\" rel=\"noopener\">site do DetranRS<\/a>, basta informar a placa e o n\u00famero do Renavam.<\/p>\n<p style=\"text-align: justify;\">Embora o prazo para o pagamento do IPVA de todos os ve\u00edculos ven\u00e7a at\u00e9 o final de abril, a validade do licenciamento 2018 varia conforme o n\u00famero final da placa. Para as placas de final 4, 5 e 6, o documento de 2018 vale at\u00e9 31 de maio; placas de final 7 e 8 t\u00eam prazo at\u00e9 30 de junho; e para as placas de final 9 e 0, at\u00e9 31 de julho.<\/p>\n<p style=\"text-align: justify;\">O DetranRS alerta ainda que dirigir ve\u00edculo com licenciamento vencido \u00e9 infra\u00e7\u00e3o grav\u00edssima, pass\u00edvel de multa de R$ 293,47, sete pontos na CNH, al\u00e9m de remo\u00e7\u00e3o do ve\u00edculo a dep\u00f3sito, at\u00e9 a regulariza\u00e7\u00e3o.<\/p>\n<p style=\"text-align: justify;\">Para mais informa\u00e7\u00f5es e d\u00favidas, o propriet\u00e1rio pode entrar em contato pelo Disque Detran no 0800 905 5555. Ainda \u00e9 poss\u00edvel acessar o&nbsp;<a href=\"https:\/\/www.detran.rs.gov.br\/inicial\" target=\"_blank\" rel=\"noopener\">site<\/a>&nbsp;e clicar no bot\u00e3o laranja, no alto \u00e0 direita da tela,&nbsp;<em>Fale com o DetranRS<\/em>.<\/p>\n<p style=\"text-align: justify;\"><strong>Aviso pelo celular<\/strong><\/p>\n<p style=\"text-align: justify;\">O propriet\u00e1rio de ve\u00edculo pode ser avisado por e-mail ou mensagem de celular quando o documento for postado nos Correios. Basta cadastrar-se na Central de Servi\u00e7os do DetranRS. O cadastro \u00e9 feito pelo site do DetranRS ou baixando o aplicativo na App Store e Google Play.<\/p>\n<p><em>Portal RS<\/em><\/p>","protected":false},"excerpt":{"rendered":"<p>Com a chegada do m\u00eas de abril, o DetranRS alerta os propriet\u00e1rios de ve\u00edculos com placas de final 1, 2 e 3 para o vencimento do licenciamento 2018. O documento 2019 passa a ser exigido para esses ve\u00edculos a partir do dia 1\u00ba de maio. O propriet\u00e1rio deve quitar, al\u00e9m do IPVA, o seguro obrigat\u00f3rio<\/p>\n<div class=\"read-more-wrapper\"><a class=\"read-more\" href=\"https:\/\/www2.comunitaria.com.br\/en\/licenciamento-2018-vence-em-30-de-abril-para-veiculos-com-placas-final-1-2-e-3\/\" title=\"Read More\"> <span class=\"button\">Read More<\/span><\/a><\/div>","protected":false},"author":2,"featured_media":35580,"comment_status":"open","ping_status":"closed","sticky":false,"template":"","format":"standard","meta":{"ngg_post_thumbnail":0,"footnotes":""},"categories":[39,46,28,33,3598],"tags":[519,1111,403,404,426],"class_list":["post-35579","post","type-post","status-publish","format-standard","has-post-thumbnail","hentry","category-economia","category-estado","category-destaque","category-noticias","category-transito","tag-estado-2","tag-imposto","tag-ipva","tag-pagamento","tag-transito"],"amp_enabled":true,"_links":{"self":[{"href":"https:\/\/www2.comunitaria.com.br\/en\/wp-json\/wp\/v2\/posts\/35579","targetHints":{"allow":["GET"]}}],"collection":[{"href":"https:\/\/www2.comunitaria.com.br\/en\/wp-json\/wp\/v2\/posts"}],"about":[{"href":"https:\/\/www2.comunitaria.com.br\/en\/wp-json\/wp\/v2\/types\/post"}],"author":[{"embeddable":true,"href":"https:\/\/www2.comunitaria.com.br\/en\/wp-json\/wp\/v2\/users\/2"}],"replies":[{"embeddable":true,"href":"https:\/\/www2.comunitaria.com.br\/en\/wp-json\/wp\/v2\/comments?post=35579"}],"version-history":[{"count":0,"href":"https:\/\/www2.comunitaria.com.br\/en\/wp-json\/wp\/v2\/posts\/35579\/revisions"}],"wp:featuredmedia":[{"embeddable":true,"href":"https:\/\/www2.comunitaria.com.br\/en\/wp-json\/wp\/v2\/media\/35580"}],"wp:attachment":[{"href":"https:\/\/www2.comunitaria.com.br\/en\/wp-json\/wp\/v2\/media?parent=35579"}],"wp:term":[{"taxonomy":"category","embeddable":true,"href":"https:\/\/www2.comunitaria.com.br\/en\/wp-json\/wp\/v2\/categories?post=35579"},{"taxonomy":"post_tag","embeddable":true,"href":"https:\/\/www2.comunitaria.com.br\/en\/wp-json\/wp\/v2\/tags?post=35579"}],"curies":[{"name":"wp","href":"https:\/\/api.w.org\/{rel}","templated":true}]}}