{"id":35539,"date":"2019-03-29T12:53:47","date_gmt":"2019-03-29T14:53:47","guid":{"rendered":"http:\/\/www2.comunitaria.com.br\/?p=35539"},"modified":"2019-03-29T12:54:06","modified_gmt":"2019-03-29T14:54:06","slug":"nota-fiscal-gaucha-extracao-municipal-contempla-cinco-frederiquenses","status":"publish","type":"post","link":"https:\/\/www2.comunitaria.com.br\/en\/nota-fiscal-gaucha-extracao-municipal-contempla-cinco-frederiquenses\/","title":{"rendered":"Nota Fiscal Ga\u00facha: Extra\u00e7\u00e3o municipal contempla cinco frederiquenses"},"content":{"rendered":"<p style=\"text-align: justify;\">O correu na tarde desta quinta-feira, 28, mais um sorteio do Programa Nota Fiscal Ga\u00facha. A extra\u00e7\u00e3o foi realizada no Audit\u00f3rio Brasil, em Encantado, em evento promovido pela prefeitura do munic\u00edpio em parceria com a Secretaria da Fazenda. Na disputa, estavam concorrendo 16 milh\u00f5es de bilhetes.<\/p>\n<p style=\"text-align: justify;\">Al\u00e9m dos pr\u00eamios de R$ 5 mil, tamb\u00e9m foram definidos os ganhadores das 800 premia\u00e7\u00f5es de R$ 500. Os cidad\u00e3os contemplados ser\u00e3o avisados via e-mail, telefonema, SMS ou atrav\u00e9s do cadastro no site da NFG. Para resgatar os valores, os sorteados t\u00eam at\u00e9 90 dias, a contar da homologa\u00e7\u00e3o dos resultados.<\/p>\n<p>Na extra\u00e7\u00e3o estadual deste m\u00eas, nenhum frederiquense foi contemplado. J\u00e1 na extra\u00e7\u00e3o municipal, cinco contribuintes foram selecionados. Confira:&nbsp;<\/p>\n<p><strong>&#8211; Yuri Vendruscolo De Souza (R$ 500,00)&nbsp;<\/strong><br \/>\n<strong>&#8211;&nbsp;Grazielle Salton (R$ 150,00)&nbsp;<\/strong><br \/>\n<strong>&#8211;&nbsp;Paulo Andre Silva De Cam\u00f5es (R$ 150,00)&nbsp;<\/strong><br \/>\n<strong>&#8211;&nbsp;Sandra Maria Broc (R$ 150,00)&nbsp;<\/strong><br \/>\n<strong>&#8211;&nbsp;Paulo Tiggemann (R$ 150,00)&nbsp;<\/strong><\/p>\n<h4><strong>Recursos para entidades<\/strong><\/h4>\n<p>Com mais de 1,6 milh\u00e3o de pessoas cadastradas, a NFG gera pontos que s\u00e3o acumulados sempre que o consumidor solicitar a inclus\u00e3o do seu CPF no documento fiscal. O pedido deve ser feito no momento da compra em todos os estabelecimentos varejistas. Al\u00e9m de concorrer a pr\u00eamios em dinheiro a cada m\u00eas, o programa ainda distribui recursos para as entidades que atuam nas \u00e1reas da sa\u00fade, educa\u00e7\u00e3o, assist\u00eancia social e prote\u00e7\u00e3o animal.<\/p>\n<p>Outra vantagem de participar da NFG s\u00e3o os descontos no IPVA. No ano passado, contribuintes que integram o programa tiveram um total de R$ 17,5 milh\u00f5es de descontos no pagamento do imposto. Os motoristas garantiram abatimento que varia entre 1% e 5% sobre o valor do tributo pelo simples gesto de pedir a inscri\u00e7\u00e3o do CPF nas notas fiscais de suas compras. Para se cadastrar, basta acessar o&nbsp;<a href=\"https:\/\/nfg.sefaz.rs.gov.br\/site\/index.aspx\" target=\"_blank\" rel=\"noopener\">site da NFG<\/a>.&nbsp;<\/p>","protected":false},"excerpt":{"rendered":"<p>O correu na tarde desta quinta-feira, 28, mais um sorteio do Programa Nota Fiscal Ga\u00facha. A extra\u00e7\u00e3o foi realizada no Audit\u00f3rio Brasil, em Encantado, em evento promovido pela prefeitura do&#8230;<\/p>","protected":false},"author":2,"featured_media":35540,"comment_status":"open","ping_status":"closed","sticky":false,"template":"","format":"standard","meta":{"ngg_post_thumbnail":0,"footnotes":""},"categories":[39,46,42,28,33,35],"tags":[384,519,82,1358,1091,258],"class_list":["post-35539","post","type-post","status-publish","format-standard","has-post-thumbnail","hentry","category-economia","category-estado","category-fred-west","category-destaque","category-noticias","category-variedades","tag-economia-2","tag-estado-2","tag-frederico-westphalen","tag-nfg","tag-nota-fiscal-gaucha","tag-sorteio"],"amp_enabled":true,"_links":{"self":[{"href":"https:\/\/www2.comunitaria.com.br\/en\/wp-json\/wp\/v2\/posts\/35539","targetHints":{"allow":["GET"]}}],"collection":[{"href":"https:\/\/www2.comunitaria.com.br\/en\/wp-json\/wp\/v2\/posts"}],"about":[{"href":"https:\/\/www2.comunitaria.com.br\/en\/wp-json\/wp\/v2\/types\/post"}],"author":[{"embeddable":true,"href":"https:\/\/www2.comunitaria.com.br\/en\/wp-json\/wp\/v2\/users\/2"}],"replies":[{"embeddable":true,"href":"https:\/\/www2.comunitaria.com.br\/en\/wp-json\/wp\/v2\/comments?post=35539"}],"version-history":[{"count":0,"href":"https:\/\/www2.comunitaria.com.br\/en\/wp-json\/wp\/v2\/posts\/35539\/revisions"}],"wp:featuredmedia":[{"embeddable":true,"href":"https:\/\/www2.comunitaria.com.br\/en\/wp-json\/wp\/v2\/media\/35540"}],"wp:attachment":[{"href":"https:\/\/www2.comunitaria.com.br\/en\/wp-json\/wp\/v2\/media?parent=35539"}],"wp:term":[{"taxonomy":"category","embeddable":true,"href":"https:\/\/www2.comunitaria.com.br\/en\/wp-json\/wp\/v2\/categories?post=35539"},{"taxonomy":"post_tag","embeddable":true,"href":"https:\/\/www2.comunitaria.com.br\/en\/wp-json\/wp\/v2\/tags?post=35539"}],"curies":[{"name":"wp","href":"https:\/\/api.w.org\/{rel}","templated":true}]}}