{"id":35372,"date":"2019-03-18T10:19:55","date_gmt":"2019-03-18T12:19:55","guid":{"rendered":"http:\/\/www2.comunitaria.com.br\/?p=35372"},"modified":"2019-03-18T13:28:31","modified_gmt":"2019-03-18T15:28:31","slug":"mulher-morre-atropelada-em-frederico-westphalen","status":"publish","type":"post","link":"https:\/\/www2.comunitaria.com.br\/en\/mulher-morre-atropelada-em-frederico-westphalen\/","title":{"rendered":"Mulher morre atropelada em Frederico Westphalen"},"content":{"rendered":"<p style=\"text-align: justify;\">Uma mulher identificada como L\u00facia Costa, de 48 anos, moradora de Frederico Wesphalen, foi atropelada na noite do \u00faltimo s\u00e1bado, 16, na BR 386 em FW.&nbsp; A v\u00edtima faleceu no local.&nbsp;Os policiais foram avisados sobre um atropelamento por volta das 22h30. Uma mulher foi atingida por um ve\u00edculo n\u00e3o identificado que fugiu sem prestar socorro. Outros ve\u00edculos que seguiam o fluxo acabaram atingindo o corpo da v\u00edtima.<\/p>\n<p style=\"text-align: justify;\">A mulher n\u00e3o portava nenhuma identifica\u00e7\u00e3o. Informa\u00e7\u00f5es sobre o causador do acidente est\u00e3o sendo levantadas pelos policiais. O Samu prestou apoio e confirmou o \u00f3bito.&nbsp;A PRF permaneceu no local monitorando o tr\u00e2nsito enquanto aguardava a chegada da per\u00edcia.&nbsp;<\/p>\n<p>A identidade da v\u00edtima foi confirmada pela Pol\u00edcia Civil apenas na manh\u00e3 desta segunda-feira, dia 18.&nbsp;<\/p>\n<p><em>PRF<\/em><\/p>","protected":false},"excerpt":{"rendered":"<p>Uma mulher identificada como L\u00facia Costa, de 48 anos, moradora de Frederico Wesphalen, foi atropelada na noite do \u00faltimo s\u00e1bado, 16, na BR 386 em FW.&nbsp; A v\u00edtima faleceu no local.&nbsp;Os policiais foram avisados sobre um atropelamento por volta das 22h30. Uma mulher foi atingida por um ve\u00edculo n\u00e3o identificado que fugiu sem prestar socorro.<\/p>\n<div class=\"read-more-wrapper\"><a class=\"read-more\" href=\"https:\/\/www2.comunitaria.com.br\/en\/mulher-morre-atropelada-em-frederico-westphalen\/\" title=\"Read More\"> <span class=\"button\">Read More<\/span><\/a><\/div>","protected":false},"author":2,"featured_media":35373,"comment_status":"open","ping_status":"closed","sticky":false,"template":"","format":"standard","meta":{"ngg_post_thumbnail":0,"footnotes":""},"categories":[42,28,33,36,3598],"tags":[807,264,82,97,177,426],"class_list":["post-35372","post","type-post","status-publish","format-standard","has-post-thumbnail","hentry","category-fred-west","category-destaque","category-noticias","category-policia","category-transito","tag-atropelamento","tag-br-386","tag-frederico-westphalen","tag-morte","tag-policia-2","tag-transito"],"amp_enabled":true,"_links":{"self":[{"href":"https:\/\/www2.comunitaria.com.br\/en\/wp-json\/wp\/v2\/posts\/35372","targetHints":{"allow":["GET"]}}],"collection":[{"href":"https:\/\/www2.comunitaria.com.br\/en\/wp-json\/wp\/v2\/posts"}],"about":[{"href":"https:\/\/www2.comunitaria.com.br\/en\/wp-json\/wp\/v2\/types\/post"}],"author":[{"embeddable":true,"href":"https:\/\/www2.comunitaria.com.br\/en\/wp-json\/wp\/v2\/users\/2"}],"replies":[{"embeddable":true,"href":"https:\/\/www2.comunitaria.com.br\/en\/wp-json\/wp\/v2\/comments?post=35372"}],"version-history":[{"count":0,"href":"https:\/\/www2.comunitaria.com.br\/en\/wp-json\/wp\/v2\/posts\/35372\/revisions"}],"wp:featuredmedia":[{"embeddable":true,"href":"https:\/\/www2.comunitaria.com.br\/en\/wp-json\/wp\/v2\/media\/35373"}],"wp:attachment":[{"href":"https:\/\/www2.comunitaria.com.br\/en\/wp-json\/wp\/v2\/media?parent=35372"}],"wp:term":[{"taxonomy":"category","embeddable":true,"href":"https:\/\/www2.comunitaria.com.br\/en\/wp-json\/wp\/v2\/categories?post=35372"},{"taxonomy":"post_tag","embeddable":true,"href":"https:\/\/www2.comunitaria.com.br\/en\/wp-json\/wp\/v2\/tags?post=35372"}],"curies":[{"name":"wp","href":"https:\/\/api.w.org\/{rel}","templated":true}]}}