{"id":3521,"date":"2015-05-05T16:17:06","date_gmt":"2015-05-05T18:17:06","guid":{"rendered":"http:\/\/www2.comunitaria.com.br\/?p=3521"},"modified":"2015-05-05T16:17:06","modified_gmt":"2015-05-05T18:17:06","slug":"fepam-libera-licenca-de-instalacao-da-ponte-sobre-o-rio-da-varzea","status":"publish","type":"post","link":"https:\/\/www2.comunitaria.com.br\/en\/fepam-libera-licenca-de-instalacao-da-ponte-sobre-o-rio-da-varzea\/","title":{"rendered":"Fepam libera licen\u00e7a de instala\u00e7\u00e3o da ponte sobre o Rio da V\u00e1rzea"},"content":{"rendered":"<p style=\"text-align: justify;\">Na \u00faltima semana, a Fepam anunciou atrav\u00e9s do seu site, a libera\u00e7\u00e3o da licen\u00e7a de instala\u00e7\u00e3o (LI) da obra de constru\u00e7\u00e3o da ponte sobre o Rio da V\u00e1rzea, ligando os munic\u00edpios de Rodeio Bonito e Liberato Salzano, aproximando as regi\u00f5es de Frederico Westphalen e Erechim.<\/p>\n<p style=\"text-align: justify;\">A obra est\u00e1 or\u00e7ada em cerca de R$ 6 milh\u00f5es, com recursos j\u00e1 empenhados atrav\u00e9s do Minist\u00e9rio da Integra\u00e7\u00e3o Nacional, Programa Brasil Sem Mis\u00e9ria do Governo Federal. A libera\u00e7\u00e3o da LI era a \u00faltima etapa a ser vencida antes do in\u00edcio da obra, que j\u00e1 est\u00e1 inclusive licitada.<\/p>\n<p style=\"text-align: justify;\">A empresa que venceu o processo licitat\u00f3rio \u00e9 a Andretta de Erechim. Ao anunciar a conquista da licen\u00e7a de instala\u00e7\u00e3o da obra, o presidente da Creluz, professor Elemar Battisti, destacou que este \u00e9 um verdadeiro trabalho de uni\u00e3o e uma conquista de todos.<\/p>\n<audio class=\"wp-audio-shortcode\" id=\"audio-3521-1\" preload=\"none\" style=\"width: 100%;\" controls=\"controls\"><source type=\"audio\/mpeg\" src=\"http:\/\/www2.comunitaria.com.br\/wp-content\/uploads\/2015\/05\/elemar.mp3?_=1\" \/><a href=\"http:\/\/www2.comunitaria.com.br\/wp-content\/uploads\/2015\/05\/elemar.mp3\">http:\/\/www2.comunitaria.com.br\/wp-content\/uploads\/2015\/05\/elemar.mp3<\/a><\/audio>\n<p style=\"text-align: justify;\">Os acessos para o local onde a ponte ser\u00e1 constru\u00edda j\u00e1 foram abertos e um ato oficial de entrega da ordem de servi\u00e7o ser\u00e1 realizado nos pr\u00f3ximos dias. A Creluz auxiliou em trabalhos e investimentos envolvendo, sondagem, topografia, adequa\u00e7\u00e3o dos projeto de engenharia e ambiental, aquisi\u00e7\u00e3o de \u00e1reas de terras para a futura rodovia que dar\u00e1 acesso a ponte, despesas com tabelionato e cart\u00f3rio, estudos de remanso, estudos hidr\u00e1ulicos, aquisi\u00e7\u00e3o de terras onde ficar\u00e3o as cabeceiras da ponte, \u00e1reas de reposi\u00e7\u00e3o florestal e destina\u00e7\u00e3o de mudas.<\/p>","protected":false},"excerpt":{"rendered":"<p>Na \u00faltima semana, a Fepam anunciou atrav\u00e9s do seu site, a libera\u00e7\u00e3o da licen\u00e7a de instala\u00e7\u00e3o (LI) da obra de constru\u00e7\u00e3o da ponte sobre o Rio da V\u00e1rzea, ligando os&#8230;<\/p>","protected":false},"author":2,"featured_media":3523,"comment_status":"open","ping_status":"closed","sticky":false,"template":"","format":"standard","meta":{"ngg_post_thumbnail":0,"footnotes":""},"categories":[33,43],"tags":[203,654,898],"class_list":["post-3521","post","type-post","status-publish","format-standard","has-post-thumbnail","hentry","category-noticias","category-regiao","tag-creluz","tag-ponte","tag-rio-da-varzea"],"amp_enabled":true,"_links":{"self":[{"href":"https:\/\/www2.comunitaria.com.br\/en\/wp-json\/wp\/v2\/posts\/3521","targetHints":{"allow":["GET"]}}],"collection":[{"href":"https:\/\/www2.comunitaria.com.br\/en\/wp-json\/wp\/v2\/posts"}],"about":[{"href":"https:\/\/www2.comunitaria.com.br\/en\/wp-json\/wp\/v2\/types\/post"}],"author":[{"embeddable":true,"href":"https:\/\/www2.comunitaria.com.br\/en\/wp-json\/wp\/v2\/users\/2"}],"replies":[{"embeddable":true,"href":"https:\/\/www2.comunitaria.com.br\/en\/wp-json\/wp\/v2\/comments?post=3521"}],"version-history":[{"count":0,"href":"https:\/\/www2.comunitaria.com.br\/en\/wp-json\/wp\/v2\/posts\/3521\/revisions"}],"wp:featuredmedia":[{"embeddable":true,"href":"https:\/\/www2.comunitaria.com.br\/en\/wp-json\/wp\/v2\/media\/3523"}],"wp:attachment":[{"href":"https:\/\/www2.comunitaria.com.br\/en\/wp-json\/wp\/v2\/media?parent=3521"}],"wp:term":[{"taxonomy":"category","embeddable":true,"href":"https:\/\/www2.comunitaria.com.br\/en\/wp-json\/wp\/v2\/categories?post=3521"},{"taxonomy":"post_tag","embeddable":true,"href":"https:\/\/www2.comunitaria.com.br\/en\/wp-json\/wp\/v2\/tags?post=3521"}],"curies":[{"name":"wp","href":"https:\/\/api.w.org\/{rel}","templated":true}]}}