{"id":35178,"date":"2019-02-18T10:51:45","date_gmt":"2019-02-18T12:51:45","guid":{"rendered":"http:\/\/www2.comunitaria.com.br\/?p=35178"},"modified":"2019-02-18T10:51:45","modified_gmt":"2019-02-18T12:51:45","slug":"creluz-divulga-calendario-do-programa-ligado-nas-escolas","status":"publish","type":"post","link":"https:\/\/www2.comunitaria.com.br\/en\/creluz-divulga-calendario-do-programa-ligado-nas-escolas\/","title":{"rendered":"Creluz divulga calend\u00e1rio do programa \u201cLigado nas Escolas\u201d"},"content":{"rendered":"<p style=\"text-align: justify;\">A Creluz divulgou o calend\u00e1rio oficial do programa Ligado nas Escolas, que&nbsp;<span style=\"text-align: justify;\">tem por objetivo, capacitar os educadores das escolas municipais e estaduais em agentes multiplicadores dos conceitos de uso eficiente e seguro da energia el\u00e9trica, bem como outros conceitos ligados \u00e0 tem\u00e1tica ambiental. Busca tamb\u00e9m estimular a realiza\u00e7\u00e3o de a\u00e7\u00f5es pedag\u00f3gicas, envolvendo professores e alunos da educa\u00e7\u00e3o b\u00e1sica de forma direta, bem como suas fam\u00edlias e as comunidades do entorno de forma indireta.<\/span><\/p>\n<p style=\"text-align: justify;\">De forma a desenvolver esses conceitos, durante o ano ser\u00e3o realizadas as seguintes a\u00e7\u00f5es:<\/p>\n<ul style=\"text-align: justify;\">\n<li style=\"text-align: justify;\">Capacita\u00e7\u00e3o de professores participantes do projeto;<\/li>\n<li style=\"text-align: justify;\">Feira Extens\u00e3o em A\u00e7\u00e3o: mostra de projetos desenvolvidos no Departamento de Ci\u00eancias Exatas e Engenharia \u2013 DCEEng da Uniju\u00ed;<\/li>\n<li style=\"text-align: justify;\">Realizar palestras nas escolas sobre conscientiza\u00e7\u00e3o e reutiliza\u00e7\u00e3o de res\u00edduos com a colabora\u00e7\u00e3o do IFF campus de Frederico Westphalen;<\/li>\n<li style=\"text-align: justify;\">Campeonato Interescolar (Gincana) com desafios a serem realizados pelas escolas;<\/li>\n<li style=\"text-align: justify;\">Atividades recreativas no munic\u00edpio das escolas com a colabora\u00e7\u00e3o do SESC Frederico Westphalen.<\/li>\n<\/ul>\n<p style=\"text-align: justify;\">A fim de estimular a participa\u00e7\u00e3o das escolas, professores e alunos, contamos com uma premia\u00e7\u00e3o ao final do Programa, para os trabalhos de maior destaque desenvolvidos pelas escolas durante o ano letivo.<\/p>\n<p style=\"text-align: justify;\">Para darmos in\u00edcio ao Programa deste ano, iremos realizar uma Capacita\u00e7\u00e3o para os Educadores das Escolas das Redes Estadual e Municipal, para divulga\u00e7\u00e3o das a\u00e7\u00f5es previstas pelo Programa, que ser\u00e1 realizada no dia 26 de mar\u00e7o de 2019, das 09h \u00e0s 12h, no Centro de Educa\u00e7\u00e3o, Treinamento e Recrea\u00e7\u00e3o do Grupo Creluz \u2013 Fundaluz, localizado no munic\u00edpio de Pinhal\/RS. No dia 02 de abril das 13h30 \u00e0s 17h30 e no dia 03 de abril das 08h \u00e0s 12h ocorrer\u00e1 a Feira Extens\u00e3o em a\u00e7\u00e3o no mesmo local.&nbsp;<\/p>\n<p><em>ASCOM &#8211; Creluz<\/em><\/p>","protected":false},"excerpt":{"rendered":"<p>A Creluz divulgou o calend\u00e1rio oficial do programa Ligado nas Escolas, que&nbsp;tem por objetivo, capacitar os educadores das escolas municipais e estaduais em agentes multiplicadores dos conceitos de uso eficiente e seguro da energia el\u00e9trica, bem como outros conceitos ligados \u00e0 tem\u00e1tica ambiental. Busca tamb\u00e9m estimular a realiza\u00e7\u00e3o de a\u00e7\u00f5es pedag\u00f3gicas, envolvendo professores e alunos<\/p>\n<div class=\"read-more-wrapper\"><a class=\"read-more\" href=\"https:\/\/www2.comunitaria.com.br\/en\/creluz-divulga-calendario-do-programa-ligado-nas-escolas\/\" title=\"Read More\"> <span class=\"button\">Read More<\/span><\/a><\/div>","protected":false},"author":2,"featured_media":35179,"comment_status":"open","ping_status":"closed","sticky":false,"template":"","format":"standard","meta":{"ngg_post_thumbnail":0,"footnotes":""},"categories":[44,33,43,35],"tags":[203,413,86,1165],"class_list":["post-35178","post","type-post","status-publish","format-standard","has-post-thumbnail","hentry","category-educacao","category-noticias","category-regiao","category-variedades","tag-creluz","tag-educacao-2","tag-regiao-2","tag-variedades"],"amp_enabled":true,"_links":{"self":[{"href":"https:\/\/www2.comunitaria.com.br\/en\/wp-json\/wp\/v2\/posts\/35178","targetHints":{"allow":["GET"]}}],"collection":[{"href":"https:\/\/www2.comunitaria.com.br\/en\/wp-json\/wp\/v2\/posts"}],"about":[{"href":"https:\/\/www2.comunitaria.com.br\/en\/wp-json\/wp\/v2\/types\/post"}],"author":[{"embeddable":true,"href":"https:\/\/www2.comunitaria.com.br\/en\/wp-json\/wp\/v2\/users\/2"}],"replies":[{"embeddable":true,"href":"https:\/\/www2.comunitaria.com.br\/en\/wp-json\/wp\/v2\/comments?post=35178"}],"version-history":[{"count":0,"href":"https:\/\/www2.comunitaria.com.br\/en\/wp-json\/wp\/v2\/posts\/35178\/revisions"}],"wp:featuredmedia":[{"embeddable":true,"href":"https:\/\/www2.comunitaria.com.br\/en\/wp-json\/wp\/v2\/media\/35179"}],"wp:attachment":[{"href":"https:\/\/www2.comunitaria.com.br\/en\/wp-json\/wp\/v2\/media?parent=35178"}],"wp:term":[{"taxonomy":"category","embeddable":true,"href":"https:\/\/www2.comunitaria.com.br\/en\/wp-json\/wp\/v2\/categories?post=35178"},{"taxonomy":"post_tag","embeddable":true,"href":"https:\/\/www2.comunitaria.com.br\/en\/wp-json\/wp\/v2\/tags?post=35178"}],"curies":[{"name":"wp","href":"https:\/\/api.w.org\/{rel}","templated":true}]}}