{"id":35160,"date":"2019-02-13T10:43:40","date_gmt":"2019-02-13T12:43:40","guid":{"rendered":"http:\/\/www2.comunitaria.com.br\/?p=35160"},"modified":"2019-02-13T10:43:42","modified_gmt":"2019-02-13T12:43:42","slug":"contribuintes-do-simples-nacional-que-ultrapassaram-sublimite-em-2018-devem-se-regularizar","status":"publish","type":"post","link":"https:\/\/www2.comunitaria.com.br\/en\/contribuintes-do-simples-nacional-que-ultrapassaram-sublimite-em-2018-devem-se-regularizar\/","title":{"rendered":"Contribuintes do Simples Nacional que ultrapassaram sublimite em 2018 devem se regularizar"},"content":{"rendered":"<p style=\"text-align: justify;\">Os contribuintes do Simples Nacional (SN) que ultrapassaram o sublimite em 2018 devem regularizar sua situa\u00e7\u00e3o este ano. O limite para enquadramento das empresas no SN \u2013 regime tribut\u00e1rio diferenciado, simplificado e favorecido aplic\u00e1vel \u00e0s microempresas e empresas de pequeno porte \u2013 \u00e9 de R$ 4,8 milh\u00f5es de faturamento. Entretanto, esse limite \u00e9 v\u00e1lido somente para apura\u00e7\u00e3o dos tributos federais. Para fins de apura\u00e7\u00e3o do ICMS (estadual) e do ISS (municipal), o limite se mant\u00e9m em R$ 3,6 milh\u00f5es, conforme art. 13-A da Lei Complementar n\u00ba 123\/06.<\/p>\n<p style=\"text-align: justify;\">Os optantes do SN que ultrapassaram o sublimite R$ 3,6 milh\u00f5es em 2018 ficaram impedidos de apurar o ICMS e o ISS no regime a partir de 1\u00ba de janeiro deste ano. Nesses casos, os contribuintes impedidos dever\u00e3o regularizar as obriga\u00e7\u00f5es principais e acess\u00f3rias no regime de tributa\u00e7\u00e3o geral, observando a correta emiss\u00e3o dos documentos fiscais, bem como a entrega da GIA (Guia de Informa\u00e7\u00e3o e Apura\u00e7\u00e3o do ICMS), da EFD (Escritura\u00e7\u00e3o Fiscal Digital) e o recolhimento do ICMS devido, nas formas e nos prazos previstos no Regulamento do ICMS do Rio Grande do Sul (RICMS\/RS \u2013 Decreto n\u00ba 37.699\/97).<\/p>\n<p style=\"text-align: justify;\">Os contribuintes tamb\u00e9m dever\u00e3o observar, durante o exerc\u00edcio, a ultrapassagem do sublimite de R$ 3,6 milh\u00f5es. Aqueles que superarem o valor em menos de 20% ficam impedidos de apurar o ICMS e o ISS no regime a partir do ano-calend\u00e1rio seguinte. Aqueles que ultrapassarem o montante em mais de 20% ficam impedidos de apurar tais tributos com as regras do SN a partir do m\u00eas seguinte.<\/p>\n<p><a href=\"http:\/\/www2.comunitaria.com.br\/en\/contribuintes-do-simples-nacional-que-ultrapassaram-sublimite-em-2018-devem-se-regularizar\/12180557_1611030_gdo\/\" rel=\"attachment wp-att-35161\"><img loading=\"lazy\" decoding=\"async\" class=\"aligncenter size-full wp-image-35161\" src=\"http:\/\/www2.comunitaria.com.br\/wp-content\/uploads\/2019\/02\/12180557_1611030_GDO.jpg\" alt=\"\" width=\"800\" height=\"231\" srcset=\"https:\/\/www2.comunitaria.com.br\/wp-content\/uploads\/2019\/02\/12180557_1611030_GDO.jpg 800w, https:\/\/www2.comunitaria.com.br\/wp-content\/uploads\/2019\/02\/12180557_1611030_GDO-300x87.jpg 300w, https:\/\/www2.comunitaria.com.br\/wp-content\/uploads\/2019\/02\/12180557_1611030_GDO-768x222.jpg 768w\" sizes=\"auto, (max-width: 800px) 100vw, 800px\" \/><\/a><\/p>\n<p style=\"text-align: justify;\">Quem estiver nesta situa\u00e7\u00e3o deve solicitar a altera\u00e7\u00e3o de sua situa\u00e7\u00e3o cadastral na Receita Estadual. O atendimento pode ser solicitado por meio do formul\u00e1rio eletr\u00f4nico, dispon\u00edvel na aba Fale Conosco no site da Receita Estadual (<a href=\"http:\/\/www.sefaz.rs.gov.br\/Atendimento\" target=\"_blank\" rel=\"noopener\">aqui<\/a>), selecionando o assunto ICMS\/Legisla\u00e7\u00e3o\/Sublimite estadual do Simples Nacional.<\/p>\n<p><em>Portal RS<\/em><\/p>","protected":false},"excerpt":{"rendered":"<p>Os contribuintes do Simples Nacional (SN) que ultrapassaram o sublimite em 2018 devem regularizar sua situa\u00e7\u00e3o este ano. O limite para enquadramento das empresas no SN \u2013 regime tribut\u00e1rio diferenciado, simplificado e favorecido aplic\u00e1vel \u00e0s microempresas e empresas de pequeno porte \u2013 \u00e9 de R$ 4,8 milh\u00f5es de faturamento. Entretanto, esse limite \u00e9 v\u00e1lido somente<\/p>\n<div class=\"read-more-wrapper\"><a class=\"read-more\" href=\"https:\/\/www2.comunitaria.com.br\/en\/contribuintes-do-simples-nacional-que-ultrapassaram-sublimite-em-2018-devem-se-regularizar\/\" title=\"Read More\"> <span class=\"button\">Read More<\/span><\/a><\/div>","protected":false},"author":2,"featured_media":35162,"comment_status":"open","ping_status":"closed","sticky":false,"template":"","format":"standard","meta":{"ngg_post_thumbnail":0,"footnotes":""},"categories":[39,46,33],"tags":[384,222,3890,4138,2111],"class_list":["post-35160","post","type-post","status-publish","format-standard","has-post-thumbnail","hentry","category-economia","category-estado","category-noticias","tag-economia-2","tag-empresas","tag-estado","tag-simples-nacional","tag-tributos"],"amp_enabled":true,"_links":{"self":[{"href":"https:\/\/www2.comunitaria.com.br\/en\/wp-json\/wp\/v2\/posts\/35160","targetHints":{"allow":["GET"]}}],"collection":[{"href":"https:\/\/www2.comunitaria.com.br\/en\/wp-json\/wp\/v2\/posts"}],"about":[{"href":"https:\/\/www2.comunitaria.com.br\/en\/wp-json\/wp\/v2\/types\/post"}],"author":[{"embeddable":true,"href":"https:\/\/www2.comunitaria.com.br\/en\/wp-json\/wp\/v2\/users\/2"}],"replies":[{"embeddable":true,"href":"https:\/\/www2.comunitaria.com.br\/en\/wp-json\/wp\/v2\/comments?post=35160"}],"version-history":[{"count":0,"href":"https:\/\/www2.comunitaria.com.br\/en\/wp-json\/wp\/v2\/posts\/35160\/revisions"}],"wp:featuredmedia":[{"embeddable":true,"href":"https:\/\/www2.comunitaria.com.br\/en\/wp-json\/wp\/v2\/media\/35162"}],"wp:attachment":[{"href":"https:\/\/www2.comunitaria.com.br\/en\/wp-json\/wp\/v2\/media?parent=35160"}],"wp:term":[{"taxonomy":"category","embeddable":true,"href":"https:\/\/www2.comunitaria.com.br\/en\/wp-json\/wp\/v2\/categories?post=35160"},{"taxonomy":"post_tag","embeddable":true,"href":"https:\/\/www2.comunitaria.com.br\/en\/wp-json\/wp\/v2\/tags?post=35160"}],"curies":[{"name":"wp","href":"https:\/\/api.w.org\/{rel}","templated":true}]}}