{"id":34945,"date":"2019-01-21T09:35:52","date_gmt":"2019-01-21T11:35:52","guid":{"rendered":"http:\/\/www2.comunitaria.com.br\/?p=34945"},"modified":"2019-01-21T09:35:52","modified_gmt":"2019-01-21T11:35:52","slug":"sicredi-alto-uruguai-entrega-nova-agencia-em-seberi","status":"publish","type":"post","link":"https:\/\/www2.comunitaria.com.br\/en\/sicredi-alto-uruguai-entrega-nova-agencia-em-seberi\/","title":{"rendered":"Sicredi Alto Uruguai entrega nova ag\u00eancia em Seberi"},"content":{"rendered":"<p style=\"text-align: justify;\"><span style=\"font-weight: 400;\">As duas ag\u00eancias do Sicredi no munic\u00edpio de Seberi \u2013 Centro e Boca da Picada \u2013 se unificaram e agora s\u00e3o uma s\u00f3.&nbsp;<\/span><span style=\"font-weight: 400;\">A inaugura\u00e7\u00e3o da nova ag\u00eancia Sicredi, que fica localizada na Avenida General Flores da Cunha, 848, em frente a Prefeitura Municipal, ocorreu na \u00faltima sexta-feira, 18, e contou com a presen\u00e7a de associados e comunidade seberiense, bem como autoridades, representantes de entidades e imprensa. <\/span><\/p>\n<p style=\"text-align: justify;\"><span style=\"font-weight: 400;\">Para o gerente da ag\u00eancia de Seberi, Jo\u00e3o Beltramin, o espa\u00e7o amplo foi pensado para oferecer conforto, proximidade e intera\u00e7\u00e3o entre os associados. \u201cQueremos refor\u00e7ar o compromisso da Sicredi com a comunidade, em oferecer produtos e servi\u00e7os de qualidade, aliados a um atendimento diferenciado, valorizando indistintamente a todos os associados\u201d. <\/span><\/p>\n<p style=\"text-align: justify;\"><span style=\"font-weight: 400;\">Segundo o presidente da Sicredi Alto Uruguai RS\/SC\/MG, Eugenio Poltronieri, o espa\u00e7o atende as necessidades dos associados e da nossa miss\u00e3o do ser cooperativo. \u201cReunimos os coordenadores de n\u00facleo e assim, com um estudo t\u00e9cnico demonstrando a economia da unifica\u00e7\u00e3o das duas ag\u00eancias, decidimos por entregar a Seberi um \u00fanico espa\u00e7o. O Sicredi \u00e9 feio de pessoas para pessoas, ent\u00e3o o nosso desejo \u00e9 que este Munic\u00edpio prospere cada vez mais com a for\u00e7a cooperativa\u201d. &nbsp;<\/span><\/p>\n<p style=\"text-align: justify;\"><span style=\"font-weight: 400;\">Durante o seu discurso, o Prefeito Municipal Cleiton Bonadiman, destacou o papel social da Cooperativa. \u201cEste \u00e9 um ato muito importante para n\u00f3s seberienses. O Sicredi \u00e9 um grande parceiro para os investimentos do nosso Munic\u00edpio. O nosso muito obrigado a esta institui\u00e7\u00e3o cooperativa\u201d. <\/span><\/p>\n<p style=\"text-align: justify;\"><span style=\"font-weight: 400;\">O atendimento passa a ser realizado na nova ag\u00eancia a partir desta segunda-feira, 21.&nbsp;<\/span><\/p>\n<p><em>ASCOM &#8211;&nbsp;Sicredi Alto Uruguai RS\/SC\/MG<\/em><\/p>\n<p style=\"text-align: justify;\">&nbsp;<\/p>","protected":false},"excerpt":{"rendered":"<p>As duas ag\u00eancias do Sicredi no munic\u00edpio de Seberi \u2013 Centro e Boca da Picada \u2013 se unificaram e agora s\u00e3o uma s\u00f3.&nbsp;A inaugura\u00e7\u00e3o da nova ag\u00eancia Sicredi, que fica&#8230;<\/p>","protected":false},"author":2,"featured_media":34946,"comment_status":"open","ping_status":"closed","sticky":false,"template":"","format":"standard","meta":{"ngg_post_thumbnail":0,"footnotes":""},"categories":[39,33,43,35],"tags":[4259,384,133,86,218],"class_list":["post-34945","post","type-post","status-publish","format-standard","has-post-thumbnail","hentry","category-economia","category-noticias","category-regiao","category-variedades","tag-agencia","tag-economia-2","tag-inauguracao","tag-regiao-2","tag-sicredi"],"amp_enabled":true,"_links":{"self":[{"href":"https:\/\/www2.comunitaria.com.br\/en\/wp-json\/wp\/v2\/posts\/34945","targetHints":{"allow":["GET"]}}],"collection":[{"href":"https:\/\/www2.comunitaria.com.br\/en\/wp-json\/wp\/v2\/posts"}],"about":[{"href":"https:\/\/www2.comunitaria.com.br\/en\/wp-json\/wp\/v2\/types\/post"}],"author":[{"embeddable":true,"href":"https:\/\/www2.comunitaria.com.br\/en\/wp-json\/wp\/v2\/users\/2"}],"replies":[{"embeddable":true,"href":"https:\/\/www2.comunitaria.com.br\/en\/wp-json\/wp\/v2\/comments?post=34945"}],"version-history":[{"count":0,"href":"https:\/\/www2.comunitaria.com.br\/en\/wp-json\/wp\/v2\/posts\/34945\/revisions"}],"wp:featuredmedia":[{"embeddable":true,"href":"https:\/\/www2.comunitaria.com.br\/en\/wp-json\/wp\/v2\/media\/34946"}],"wp:attachment":[{"href":"https:\/\/www2.comunitaria.com.br\/en\/wp-json\/wp\/v2\/media?parent=34945"}],"wp:term":[{"taxonomy":"category","embeddable":true,"href":"https:\/\/www2.comunitaria.com.br\/en\/wp-json\/wp\/v2\/categories?post=34945"},{"taxonomy":"post_tag","embeddable":true,"href":"https:\/\/www2.comunitaria.com.br\/en\/wp-json\/wp\/v2\/tags?post=34945"}],"curies":[{"name":"wp","href":"https:\/\/api.w.org\/{rel}","templated":true}]}}