{"id":34939,"date":"2019-01-18T11:37:40","date_gmt":"2019-01-18T13:37:40","guid":{"rendered":"http:\/\/www2.comunitaria.com.br\/?p=34939"},"modified":"2019-01-18T11:37:40","modified_gmt":"2019-01-18T13:37:40","slug":"direcao-do-presidio-de-passo-fundo-e-afastada-apos-fuga-de-presos","status":"publish","type":"post","link":"https:\/\/www2.comunitaria.com.br\/en\/direcao-do-presidio-de-passo-fundo-e-afastada-apos-fuga-de-presos\/","title":{"rendered":"Dire\u00e7\u00e3o do pres\u00eddio de Passo Fundo \u00e9 afastada ap\u00f3s fuga de presos"},"content":{"rendered":"<p style=\"text-align: justify;\">A Superintend\u00eancia dos Servi\u00e7os Penitenci\u00e1rios (Susepe) afastou a dire\u00e7\u00e3o do Pres\u00eddio de Passo Fundo, de onde 17 detentos&nbsp;fugiram na madrugada do \u00faltimo s\u00e1bado, 12. Diretor, subdiretor e chefe da seguran\u00e7a foram transferidos para outras casas prisionais, mas n\u00e3o assumir\u00e3o cargos de chefia.<\/p>\n<p style=\"text-align: justify;\">A Susepe enviou uma for\u00e7a-tarefa para auxiliar na casa prisional. Conforme a institui\u00e7\u00e3o, a equipe, formada por 12 agentes penitenci\u00e1rios, vai ajudar na gest\u00e3o do pres\u00eddio. Outros 12 agentes far\u00e3o rondas pela cidade, na tentativa de recapturar os 16 detentos.<\/p>\n<p style=\"text-align: justify;\">O Minist\u00e9rio P\u00fablico informou que vai buscar explica\u00e7\u00f5es da Susepe, sobre a fuga em massa. O MP quer saber o n\u00famero de agentes no local durante a ocorr\u00eancia e se havia monitoramento digital. At\u00e9 o momento, a BM conseguiu recapturar um dos detentos fugitivos.<\/p>\n<p style=\"text-align: justify;\">No m\u00eas passado, o pres\u00eddio implantou um novo sistema de c\u00e2meras, com 32 equipamentos em HD e infravermelho, tr\u00eas monitores de 40 polegadas e uma c\u00e2mera de aproxima\u00e7\u00e3o. O investimento foi de R$ 36,8 mil.<\/p>\n<p><em>C.P.<\/em><\/p>","protected":false},"excerpt":{"rendered":"<p>A Superintend\u00eancia dos Servi\u00e7os Penitenci\u00e1rios (Susepe) afastou a dire\u00e7\u00e3o do Pres\u00eddio de Passo Fundo, de onde 17 detentos&nbsp;fugiram na madrugada do \u00faltimo s\u00e1bado, 12. Diretor, subdiretor e chefe da seguran\u00e7a&#8230;<\/p>","protected":false},"author":2,"featured_media":34940,"comment_status":"open","ping_status":"closed","sticky":false,"template":"","format":"standard","meta":{"ngg_post_thumbnail":0,"footnotes":""},"categories":[46,33,36],"tags":[912,469,156,86],"class_list":["post-34939","post","type-post","status-publish","format-standard","has-post-thumbnail","hentry","category-estado","category-noticias","category-policia","tag-fuga","tag-passo-fundo","tag-presidio","tag-regiao-2"],"amp_enabled":true,"_links":{"self":[{"href":"https:\/\/www2.comunitaria.com.br\/en\/wp-json\/wp\/v2\/posts\/34939","targetHints":{"allow":["GET"]}}],"collection":[{"href":"https:\/\/www2.comunitaria.com.br\/en\/wp-json\/wp\/v2\/posts"}],"about":[{"href":"https:\/\/www2.comunitaria.com.br\/en\/wp-json\/wp\/v2\/types\/post"}],"author":[{"embeddable":true,"href":"https:\/\/www2.comunitaria.com.br\/en\/wp-json\/wp\/v2\/users\/2"}],"replies":[{"embeddable":true,"href":"https:\/\/www2.comunitaria.com.br\/en\/wp-json\/wp\/v2\/comments?post=34939"}],"version-history":[{"count":0,"href":"https:\/\/www2.comunitaria.com.br\/en\/wp-json\/wp\/v2\/posts\/34939\/revisions"}],"wp:featuredmedia":[{"embeddable":true,"href":"https:\/\/www2.comunitaria.com.br\/en\/wp-json\/wp\/v2\/media\/34940"}],"wp:attachment":[{"href":"https:\/\/www2.comunitaria.com.br\/en\/wp-json\/wp\/v2\/media?parent=34939"}],"wp:term":[{"taxonomy":"category","embeddable":true,"href":"https:\/\/www2.comunitaria.com.br\/en\/wp-json\/wp\/v2\/categories?post=34939"},{"taxonomy":"post_tag","embeddable":true,"href":"https:\/\/www2.comunitaria.com.br\/en\/wp-json\/wp\/v2\/tags?post=34939"}],"curies":[{"name":"wp","href":"https:\/\/api.w.org\/{rel}","templated":true}]}}