{"id":34811,"date":"2019-01-09T11:58:15","date_gmt":"2019-01-09T13:58:15","guid":{"rendered":"http:\/\/www2.comunitaria.com.br\/?p=34811"},"modified":"2019-01-09T11:59:15","modified_gmt":"2019-01-09T13:59:15","slug":"frederiquense-realiza-doacao-de-6-mil-tampinhas-para-rotary","status":"publish","type":"post","link":"https:\/\/www2.comunitaria.com.br\/en\/frederiquense-realiza-doacao-de-6-mil-tampinhas-para-rotary\/","title":{"rendered":"Frederiquense realiza doa\u00e7\u00e3o de 6 mil tampinhas para Rotary"},"content":{"rendered":"<p>O guarda municipal e morador de Frederico Westphalen, Rudimar dos Santos, realizou&nbsp; doa\u00e7\u00e3o de sua cole\u00e7\u00e3o de tampinhas de garrafas ao Rotary Kids de FW. S\u00e3o aproximadamente 6 mil tampinhas colecionadas do decorrer de um ano.&nbsp;<\/p>\n<p>A doa\u00e7\u00e3o foi feita para o projeto&nbsp;&#8220;AMO tampinhas solid\u00e1rias&#8221; da ONG &#8220;AMO Crian\u00e7a&#8221;, que recolhe&nbsp; e vende o material para manter projetos de assist\u00eancia a crian\u00e7as com c\u00e2ncer e seus familiares.&nbsp;<\/p>\n<p>Integrante do Rotary e m\u00e3e do presidente do Rotary Kids, Julia Batistella, fala mais detalhes sobre o projeto e sobre a doa\u00e7\u00e3o realizada por Rudimar:&nbsp;<\/p>\n<!--[if lt IE 9]><script>document.createElement('audio');<\/script><![endif]-->\n<audio class=\"wp-audio-shortcode\" id=\"audio-34811-1\" preload=\"none\" style=\"width: 100%;\" controls=\"controls\"><source type=\"audio\/mpeg\" src=\"http:\/\/www2.comunitaria.com.br\/wp-content\/uploads\/2019\/01\/Julia-rotary.mp3?_=1\" \/><a href=\"http:\/\/www2.comunitaria.com.br\/wp-content\/uploads\/2019\/01\/Julia-rotary.mp3\">http:\/\/www2.comunitaria.com.br\/wp-content\/uploads\/2019\/01\/Julia-rotary.mp3<\/a><\/audio>\n<p>Rudimar, que tamb\u00e9m coleciona outros objetos, conta quando come\u00e7ou com h\u00e1bito de colecionar e o porque da doa\u00e7\u00e3o:&nbsp;<\/p>\n<audio class=\"wp-audio-shortcode\" id=\"audio-34811-2\" preload=\"none\" style=\"width: 100%;\" controls=\"controls\"><source type=\"audio\/mpeg\" src=\"http:\/\/www2.comunitaria.com.br\/wp-content\/uploads\/2019\/01\/RUDI-DA-MARJORIE.mp3?_=2\" \/><a href=\"http:\/\/www2.comunitaria.com.br\/wp-content\/uploads\/2019\/01\/RUDI-DA-MARJORIE.mp3\">http:\/\/www2.comunitaria.com.br\/wp-content\/uploads\/2019\/01\/RUDI-DA-MARJORIE.mp3<\/a><\/audio>\n<p>&nbsp;<\/p>\n<h5><span style=\"color: #ff0000;\"><a style=\"color: #ff0000;\" href=\"http:\/\/amocrianca.com.br\/\" target=\"_blank\" rel=\"noopener\">Confira um pouco mais sobre a ONG AMO Crian\u00e7a.<\/a><\/span><\/h5>\n<p>&nbsp;<\/p>","protected":false},"excerpt":{"rendered":"<p>O guarda municipal e morador de Frederico Westphalen, Rudimar dos Santos, realizou&nbsp; doa\u00e7\u00e3o de sua cole\u00e7\u00e3o de tampinhas de garrafas ao Rotary Kids de FW. S\u00e3o aproximadamente 6 mil tampinhas colecionadas do decorrer de um ano.&nbsp; A doa\u00e7\u00e3o foi feita para o projeto&nbsp;&#8220;AMO tampinhas solid\u00e1rias&#8221; da ONG &#8220;AMO Crian\u00e7a&#8221;, que recolhe&nbsp; e vende o material<\/p>\n<div class=\"read-more-wrapper\"><a class=\"read-more\" href=\"https:\/\/www2.comunitaria.com.br\/en\/frederiquense-realiza-doacao-de-6-mil-tampinhas-para-rotary\/\" title=\"Read More\"> <span class=\"button\">Read More<\/span><\/a><\/div>","protected":false},"author":2,"featured_media":34814,"comment_status":"open","ping_status":"closed","sticky":false,"template":"","format":"standard","meta":{"ngg_post_thumbnail":0,"footnotes":""},"categories":[33],"tags":[],"class_list":["post-34811","post","type-post","status-publish","format-standard","has-post-thumbnail","hentry","category-noticias"],"amp_enabled":true,"_links":{"self":[{"href":"https:\/\/www2.comunitaria.com.br\/en\/wp-json\/wp\/v2\/posts\/34811","targetHints":{"allow":["GET"]}}],"collection":[{"href":"https:\/\/www2.comunitaria.com.br\/en\/wp-json\/wp\/v2\/posts"}],"about":[{"href":"https:\/\/www2.comunitaria.com.br\/en\/wp-json\/wp\/v2\/types\/post"}],"author":[{"embeddable":true,"href":"https:\/\/www2.comunitaria.com.br\/en\/wp-json\/wp\/v2\/users\/2"}],"replies":[{"embeddable":true,"href":"https:\/\/www2.comunitaria.com.br\/en\/wp-json\/wp\/v2\/comments?post=34811"}],"version-history":[{"count":0,"href":"https:\/\/www2.comunitaria.com.br\/en\/wp-json\/wp\/v2\/posts\/34811\/revisions"}],"wp:featuredmedia":[{"embeddable":true,"href":"https:\/\/www2.comunitaria.com.br\/en\/wp-json\/wp\/v2\/media\/34814"}],"wp:attachment":[{"href":"https:\/\/www2.comunitaria.com.br\/en\/wp-json\/wp\/v2\/media?parent=34811"}],"wp:term":[{"taxonomy":"category","embeddable":true,"href":"https:\/\/www2.comunitaria.com.br\/en\/wp-json\/wp\/v2\/categories?post=34811"},{"taxonomy":"post_tag","embeddable":true,"href":"https:\/\/www2.comunitaria.com.br\/en\/wp-json\/wp\/v2\/tags?post=34811"}],"curies":[{"name":"wp","href":"https:\/\/api.w.org\/{rel}","templated":true}]}}