{"id":34780,"date":"2019-01-03T10:46:17","date_gmt":"2019-01-03T12:46:17","guid":{"rendered":"http:\/\/www2.comunitaria.com.br\/?p=34780"},"modified":"2019-01-03T10:46:17","modified_gmt":"2019-01-03T12:46:17","slug":"prefeito-de-palmitinho-renuncia-ao-cargo","status":"publish","type":"post","link":"https:\/\/www2.comunitaria.com.br\/en\/prefeito-de-palmitinho-renuncia-ao-cargo\/","title":{"rendered":"Prefeito de Palmitinho renuncia ao cargo"},"content":{"rendered":"<p>A manh\u00e3 desta quinta-feira reservou uma surpresa para os moradores da cidade de Palmitinho. O prefeito , Luiz Carlos Panosso (MDB) renunciou ao cargo.&nbsp;<\/p>\n<p>O an\u00fancio foi realizado no plen\u00e1rio da C\u00e2mara de Vereadores.&nbsp; Panosso&nbsp; &nbsp;estava em seu segundo mandato consecutivo a frente do poder executivo do munic\u00edpio. Durante o an\u00fancio, o agora ex-prefeito, destacou as a\u00e7\u00f5es da administra\u00e7\u00e3o&nbsp; e agradeceu toda equipe de secret\u00e1rios e colaboradores.&nbsp;<span class=\"text_exposed_show\"><br \/>\nLisca, como \u00e9 conhecido, disse que a decis\u00e3o de renunciar ao cargo se d\u00e1 por motivos pessoais e que pretende cuidar dos neg\u00f3cios da fam\u00edlia.&nbsp; Um&nbsp; acordo pol\u00edtico que existia entre a coliga\u00e7\u00e3o vencedora da \u00faltima elei\u00e7\u00e3o previa que Lisca deixaria as fun\u00e7\u00f5es ap\u00f3s dois anos do mandato.<\/p>\n<p>A partir de agora o Poder Executivo ser\u00e1 comandado pelo at\u00e9 ent\u00e3o vice-prefeito Caetano Albarello (PDT).<\/span><\/p>","protected":false},"excerpt":{"rendered":"<p>A manh\u00e3 desta quinta-feira reservou uma surpresa para os moradores da cidade de Palmitinho. O prefeito , Luiz Carlos Panosso (MDB) renunciou ao cargo.&nbsp; O an\u00fancio foi realizado no plen\u00e1rio da C\u00e2mara de Vereadores.&nbsp; Panosso&nbsp; &nbsp;estava em seu segundo mandato consecutivo a frente do poder executivo do munic\u00edpio. Durante o an\u00fancio, o agora ex-prefeito, destacou<\/p>\n<div class=\"read-more-wrapper\"><a class=\"read-more\" href=\"https:\/\/www2.comunitaria.com.br\/en\/prefeito-de-palmitinho-renuncia-ao-cargo\/\" title=\"Read More\"> <span class=\"button\">Read More<\/span><\/a><\/div>","protected":false},"author":2,"featured_media":34781,"comment_status":"open","ping_status":"closed","sticky":false,"template":"","format":"standard","meta":{"ngg_post_thumbnail":0,"footnotes":""},"categories":[33],"tags":[],"class_list":["post-34780","post","type-post","status-publish","format-standard","has-post-thumbnail","hentry","category-noticias"],"amp_enabled":true,"_links":{"self":[{"href":"https:\/\/www2.comunitaria.com.br\/en\/wp-json\/wp\/v2\/posts\/34780","targetHints":{"allow":["GET"]}}],"collection":[{"href":"https:\/\/www2.comunitaria.com.br\/en\/wp-json\/wp\/v2\/posts"}],"about":[{"href":"https:\/\/www2.comunitaria.com.br\/en\/wp-json\/wp\/v2\/types\/post"}],"author":[{"embeddable":true,"href":"https:\/\/www2.comunitaria.com.br\/en\/wp-json\/wp\/v2\/users\/2"}],"replies":[{"embeddable":true,"href":"https:\/\/www2.comunitaria.com.br\/en\/wp-json\/wp\/v2\/comments?post=34780"}],"version-history":[{"count":0,"href":"https:\/\/www2.comunitaria.com.br\/en\/wp-json\/wp\/v2\/posts\/34780\/revisions"}],"wp:featuredmedia":[{"embeddable":true,"href":"https:\/\/www2.comunitaria.com.br\/en\/wp-json\/wp\/v2\/media\/34781"}],"wp:attachment":[{"href":"https:\/\/www2.comunitaria.com.br\/en\/wp-json\/wp\/v2\/media?parent=34780"}],"wp:term":[{"taxonomy":"category","embeddable":true,"href":"https:\/\/www2.comunitaria.com.br\/en\/wp-json\/wp\/v2\/categories?post=34780"},{"taxonomy":"post_tag","embeddable":true,"href":"https:\/\/www2.comunitaria.com.br\/en\/wp-json\/wp\/v2\/tags?post=34780"}],"curies":[{"name":"wp","href":"https:\/\/api.w.org\/{rel}","templated":true}]}}